{"id":12734,"date":"2025-02-03T19:23:32","date_gmt":"2025-02-03T22:23:32","guid":{"rendered":"https:\/\/www.noticiasmas.com.ar\/?p=12734"},"modified":"2025-02-03T19:23:36","modified_gmt":"2025-02-03T22:23:36","slug":"el-folclore-vive-en-san-lorenzo-un-canto-a-la-libertad-fue-una-fiesta-de-tres-noches-a-pleno-canto-y-baile-en-familia","status":"publish","type":"post","link":"https:\/\/www.noticiasmas.com.ar\/index.php\/2025\/02\/03\/el-folclore-vive-en-san-lorenzo-un-canto-a-la-libertad-fue-una-fiesta-de-tres-noches-a-pleno-canto-y-baile-en-familia\/","title":{"rendered":"El folclore vive en San Lorenzo: \u201cUn canto a la libertad\u201d fue una fiesta de tres noches a pleno canto y baile en familia"},"content":{"rendered":"\n<p>San Lorenzo vivi\u00f3 tres noches a puro folclore de la mano del festival m\u00e1s importante de la regi\u00f3n. \u201cUn canto a la libertad\u201d reuni\u00f3 a casi 500 artistas locales, entre cantantes, m\u00fasicos y bailarines, en un marco festivo y multitudinario, con entrada libre y gratuita. El cierre, este domingo por la noche, estuvo a cargo del reconocido grupo La Callejera.<\/p>\n\n\n\n<p>Adem\u00e1s hubo food trucks con una variada oferta gastron\u00f3mica, se dispuso un patio de comidas y se despleg\u00f3 la tradicional feria de emprendedores y artesanos sobre una concurrida avenida Del Combate. La impecable organizaci\u00f3n de un evento de gran envergadura fue destacada por el p\u00fablico, los artistas y las personas que trabajaron en las adyacencias del Parador Tur\u00edstico.<\/p>\n\n\n\n<p>El viernes se presentaron Carlos Leguizam\u00f3n, Oliva Arte en Movimiento, Litoralmente,<br>Cosechando Amigos, Sin Fronteras, Rocio Saldivia, Compa\u00f1\u00eda Folkl\u00f3rica Caminantes,<br>Rodrigo Quinteros, Estudio de Arte Argentino, Ivan Lipps, Facundo Leguizam\u00f3n y Mi Barrio Baila.<\/p>\n\n\n\n<figure class=\"wp-block-image\"><img decoding=\"async\" src=\"https:\/\/lalupamedios.com.ar\/download\/multimedia.normal.9fa897c09d9847e0.ZmVzdGl2YWwgdW4gY2FudG8xX25vcm1hbC53ZWJw.webp\" alt=\"festival un canto1\"\/><\/figure>\n\n\n\n<p>El s\u00e1bado fue el turno de Silvina Vivas, Marilen Mart\u00ednez y su Conjunto, Dami\u00e1n Albetti, Danzarte, Proyecto Tango, Hannah Cristal, Sentir de mi Tierra, Taller de Danzas Folkl\u00f3rica Enjoy, Julio y Susana V\u00e1zquez, la Orquesta Folkl\u00f3rica Municipal, Jorge Taborda, Pele Medina, Renacer y Warmis.<\/p>\n\n\n\n<p>La \u00faltima luna sanlorencina fue animada por Las Voces de la Tierra, Ana Ibaldi, Trashumantes, Yaganes, Bombos Sanmartinianos, An\u00edbal Rojas, Juli Chioli, Estudio de Arte Argentino Danza, Marcelo Palacios, Guido Cerri, Estudio Ballet, Tomas V\u00e1zquez y el ballet del Centro Aldo Saravia. El broche de oro lo puso La Callejera, que con su amplio repertorio musical y bailable, deleit\u00f3 a un p\u00fablico que se fue lleno de folclore.<\/p>\n\n\n\n<p>Antes del cierre se realiz\u00f3 un homenaje a Nito Palacios, hist\u00f3rico conductor del festival que falleci\u00f3 el 15 de enero pasado. \u201cFue un gran profesional y un caballero, sobre y atr\u00e1s del escenario\u201d, expres\u00f3 el intendente Leonardo Raimundo tras entregarle una placa a su hijo Marcelo.<\/p>\n","protected":false},"excerpt":{"rendered":"<p>San Lorenzo vivi\u00f3 tres noches a puro folclore de la mano del festival m\u00e1s importante de la regi\u00f3n. \u201cUn canto a la libertad\u201d reuni\u00f3 a casi 500 artistas locales, entre cantantes, m\u00fasicos y bailarines, en un marco festivo y multitudinario, con entrada libre y gratuita. El cierre, este domingo por la noche, estuvo a cargo [&hellip;]<\/p>\n","protected":false},"author":3,"featured_media":12735,"comment_status":"closed","ping_status":"open","sticky":false,"template":"","format":"standard","meta":{"tdm_status":"","tdm_grid_status":"","footnotes":""},"categories":[4],"tags":[253,1403,3896,3895,58],"class_list":{"0":"post-12734","1":"post","2":"type-post","3":"status-publish","4":"format-standard","5":"has-post-thumbnail","7":"category-culturayespectaculos","8":"tag-artistas","9":"tag-festival-un-canto-a-la-libertad","10":"tag-fiesta","11":"tag-folclore","12":"tag-san-lorenzo"},"_links":{"self":[{"href":"https:\/\/www.noticiasmas.com.ar\/index.php\/wp-json\/wp\/v2\/posts\/12734","targetHints":{"allow":["GET"]}}],"collection":[{"href":"https:\/\/www.noticiasmas.com.ar\/index.php\/wp-json\/wp\/v2\/posts"}],"about":[{"href":"https:\/\/www.noticiasmas.com.ar\/index.php\/wp-json\/wp\/v2\/types\/post"}],"author":[{"embeddable":true,"href":"https:\/\/www.noticiasmas.com.ar\/index.php\/wp-json\/wp\/v2\/users\/3"}],"replies":[{"embeddable":true,"href":"https:\/\/www.noticiasmas.com.ar\/index.php\/wp-json\/wp\/v2\/comments?post=12734"}],"version-history":[{"count":1,"href":"https:\/\/www.noticiasmas.com.ar\/index.php\/wp-json\/wp\/v2\/posts\/12734\/revisions"}],"predecessor-version":[{"id":12736,"href":"https:\/\/www.noticiasmas.com.ar\/index.php\/wp-json\/wp\/v2\/posts\/12734\/revisions\/12736"}],"wp:featuredmedia":[{"embeddable":true,"href":"https:\/\/www.noticiasmas.com.ar\/index.php\/wp-json\/wp\/v2\/media\/12735"}],"wp:attachment":[{"href":"https:\/\/www.noticiasmas.com.ar\/index.php\/wp-json\/wp\/v2\/media?parent=12734"}],"wp:term":[{"taxonomy":"category","embeddable":true,"href":"https:\/\/www.noticiasmas.com.ar\/index.php\/wp-json\/wp\/v2\/categories?post=12734"},{"taxonomy":"post_tag","embeddable":true,"href":"https:\/\/www.noticiasmas.com.ar\/index.php\/wp-json\/wp\/v2\/tags?post=12734"}],"curies":[{"name":"wp","href":"https:\/\/api.w.org\/{rel}","templated":true}]}}