{"id":12787,"date":"2025-02-08T18:19:43","date_gmt":"2025-02-08T21:19:43","guid":{"rendered":"https:\/\/www.noticiasmas.com.ar\/?p=12787"},"modified":"2025-02-08T18:19:47","modified_gmt":"2025-02-08T21:19:47","slug":"rasetto-candidato-a-convencional-constituyente","status":"publish","type":"post","link":"https:\/\/www.noticiasmas.com.ar\/index.php\/2025\/02\/08\/rasetto-candidato-a-convencional-constituyente\/","title":{"rendered":"Rasetto candidato a Convencional Constituyente"},"content":{"rendered":"\n<p>El Senador por el departamento Iriondo, Hugo Jes\u00fass Rasetto, anunci\u00f3 que es candidato a Convencional Constituyente dentro del partido Unidos para Cambiar Santa Fe, por el departamento Iriondo. Lo acompa\u00f1a como suplente Marianela Mar\u00edn, abogada, oriunda de Ca\u00f1ada de G\u00f3mez.<\/p>\n\n\n\n<p>\u201cSanta Fe va a renovar su constituci\u00f3n y queremos llevar la voz del departamento Iriondo a la convenci\u00f3n\u201d expresaron en un video publicado en redes del Senador.<\/p>\n\n\n\n<p>Santa Fe elegir\u00e1 69 convencionales constituyentes el 13 de abril: 50 por distrito \u00fanico y 19 por cada uno de los departamentos que componen la provincia. Adem\u00e1s, el electorado santafesino ir\u00e1 a la urnas para elegir las autoridades de 19 intendencias, la presidencia comunal en m\u00e1s de 300 pueblos y los concejos deliberantes de 65 localidades. La instancia municipal se desarrollar\u00e1 en dos fechas. Las primarias se celebrar\u00e1n el 13 de abril junto a la elecci\u00f3n de convencionales. Las generales ser\u00e1n el 29 de junio.<\/p>\n","protected":false},"excerpt":{"rendered":"<p>El Senador por el departamento Iriondo, Hugo Jes\u00fass Rasetto, anunci\u00f3 que es candidato a Convencional Constituyente dentro del partido Unidos para Cambiar Santa Fe, por el departamento Iriondo. Lo acompa\u00f1a como suplente Marianela Mar\u00edn, abogada, oriunda de Ca\u00f1ada de G\u00f3mez. \u201cSanta Fe va a renovar su constituci\u00f3n y queremos llevar la voz del departamento Iriondo [&hellip;]<\/p>\n","protected":false},"author":5,"featured_media":12788,"comment_status":"closed","ping_status":"open","sticky":false,"template":"","format":"standard","meta":{"tdm_status":"","tdm_grid_status":"","footnotes":""},"categories":[13],"tags":[3908,1345,1591],"class_list":{"0":"post-12787","1":"post","2":"type-post","3":"status-publish","4":"format-standard","5":"has-post-thumbnail","7":"category-region","8":"tag-convencional-constituyente","9":"tag-departamento-iriondo","10":"tag-hugo-rasetto"},"_links":{"self":[{"href":"https:\/\/www.noticiasmas.com.ar\/index.php\/wp-json\/wp\/v2\/posts\/12787","targetHints":{"allow":["GET"]}}],"collection":[{"href":"https:\/\/www.noticiasmas.com.ar\/index.php\/wp-json\/wp\/v2\/posts"}],"about":[{"href":"https:\/\/www.noticiasmas.com.ar\/index.php\/wp-json\/wp\/v2\/types\/post"}],"author":[{"embeddable":true,"href":"https:\/\/www.noticiasmas.com.ar\/index.php\/wp-json\/wp\/v2\/users\/5"}],"replies":[{"embeddable":true,"href":"https:\/\/www.noticiasmas.com.ar\/index.php\/wp-json\/wp\/v2\/comments?post=12787"}],"version-history":[{"count":1,"href":"https:\/\/www.noticiasmas.com.ar\/index.php\/wp-json\/wp\/v2\/posts\/12787\/revisions"}],"predecessor-version":[{"id":12789,"href":"https:\/\/www.noticiasmas.com.ar\/index.php\/wp-json\/wp\/v2\/posts\/12787\/revisions\/12789"}],"wp:featuredmedia":[{"embeddable":true,"href":"https:\/\/www.noticiasmas.com.ar\/index.php\/wp-json\/wp\/v2\/media\/12788"}],"wp:attachment":[{"href":"https:\/\/www.noticiasmas.com.ar\/index.php\/wp-json\/wp\/v2\/media?parent=12787"}],"wp:term":[{"taxonomy":"category","embeddable":true,"href":"https:\/\/www.noticiasmas.com.ar\/index.php\/wp-json\/wp\/v2\/categories?post=12787"},{"taxonomy":"post_tag","embeddable":true,"href":"https:\/\/www.noticiasmas.com.ar\/index.php\/wp-json\/wp\/v2\/tags?post=12787"}],"curies":[{"name":"wp","href":"https:\/\/api.w.org\/{rel}","templated":true}]}}