{"id":12800,"date":"2025-02-10T08:24:06","date_gmt":"2025-02-10T11:24:06","guid":{"rendered":"https:\/\/www.noticiasmas.com.ar\/?p=12800"},"modified":"2025-02-10T08:24:26","modified_gmt":"2025-02-10T11:24:26","slug":"pico-maximo-de-calor-durante-este-lunes-y-notorio-descenso-de-la-temperatura-con-tormentas-para-el-martes","status":"publish","type":"post","link":"https:\/\/www.noticiasmas.com.ar\/index.php\/2025\/02\/10\/pico-maximo-de-calor-durante-este-lunes-y-notorio-descenso-de-la-temperatura-con-tormentas-para-el-martes\/","title":{"rendered":"Pico m\u00e1ximo de calor durante este lunes y notorio descenso de la temperatura con tormentas para el martes"},"content":{"rendered":"\n<p><\/p>\n\n\n\n<p>Este lunes 10 de febrero, la temperatura m\u00e1xima ser\u00e1 de 39\u00b0C, seg\u00fan indica el Servicio Meteorol\u00f3gico Nacional, en tanto que para ma\u00f1ana, solamente ser\u00e1 de 26\u00b0C.<\/p>\n\n\n\n<p>La enorme amplitud t\u00e9rmica que vivenciar\u00e1 el Cord\u00f3n Industrial en las pr\u00f3ximas 24 horas se debe al ingreso de un frente lluvioso que se dar\u00e1 a partir del mediod\u00eda de este martes, que traer\u00e1 tormentas aisladas, precipitaciones, y el ansiado cambio de temperatura tras una semana de altos valores en la regi\u00f3n.<\/p>\n\n\n\n<p>De este modo, el calor extremo y de alerta amarilla, concluir\u00e1 este lunes luego de una jornada agobiante de altas m\u00e1ximas.<\/p>\n\n\n\n<p>Cabe destacar que el clima nublado se mantendr\u00e1 durante gran parte de la semana, con m\u00e1ximas que estar\u00e1n en torno a los 28 y 29 grados.<\/p>\n","protected":false},"excerpt":{"rendered":"<p>Este lunes 10 de febrero, la temperatura m\u00e1xima ser\u00e1 de 39\u00b0C, seg\u00fan indica el Servicio Meteorol\u00f3gico Nacional, en tanto que para ma\u00f1ana, solamente ser\u00e1 de 26\u00b0C. La enorme amplitud t\u00e9rmica que vivenciar\u00e1 el Cord\u00f3n Industrial en las pr\u00f3ximas 24 horas se debe al ingreso de un frente lluvioso que se dar\u00e1 a partir del mediod\u00eda [&hellip;]<\/p>\n","protected":false},"author":9,"featured_media":3580,"comment_status":"closed","ping_status":"open","sticky":false,"template":"","format":"standard","meta":{"tdm_status":"","tdm_grid_status":"","footnotes":""},"categories":[13],"tags":[138,347,58,193],"class_list":{"0":"post-12800","1":"post","2":"type-post","3":"status-publish","4":"format-standard","5":"has-post-thumbnail","7":"category-region","8":"tag-clima","9":"tag-region","10":"tag-san-lorenzo","11":"tag-smn"},"_links":{"self":[{"href":"https:\/\/www.noticiasmas.com.ar\/index.php\/wp-json\/wp\/v2\/posts\/12800","targetHints":{"allow":["GET"]}}],"collection":[{"href":"https:\/\/www.noticiasmas.com.ar\/index.php\/wp-json\/wp\/v2\/posts"}],"about":[{"href":"https:\/\/www.noticiasmas.com.ar\/index.php\/wp-json\/wp\/v2\/types\/post"}],"author":[{"embeddable":true,"href":"https:\/\/www.noticiasmas.com.ar\/index.php\/wp-json\/wp\/v2\/users\/9"}],"replies":[{"embeddable":true,"href":"https:\/\/www.noticiasmas.com.ar\/index.php\/wp-json\/wp\/v2\/comments?post=12800"}],"version-history":[{"count":1,"href":"https:\/\/www.noticiasmas.com.ar\/index.php\/wp-json\/wp\/v2\/posts\/12800\/revisions"}],"predecessor-version":[{"id":12801,"href":"https:\/\/www.noticiasmas.com.ar\/index.php\/wp-json\/wp\/v2\/posts\/12800\/revisions\/12801"}],"wp:featuredmedia":[{"embeddable":true,"href":"https:\/\/www.noticiasmas.com.ar\/index.php\/wp-json\/wp\/v2\/media\/3580"}],"wp:attachment":[{"href":"https:\/\/www.noticiasmas.com.ar\/index.php\/wp-json\/wp\/v2\/media?parent=12800"}],"wp:term":[{"taxonomy":"category","embeddable":true,"href":"https:\/\/www.noticiasmas.com.ar\/index.php\/wp-json\/wp\/v2\/categories?post=12800"},{"taxonomy":"post_tag","embeddable":true,"href":"https:\/\/www.noticiasmas.com.ar\/index.php\/wp-json\/wp\/v2\/tags?post=12800"}],"curies":[{"name":"wp","href":"https:\/\/api.w.org\/{rel}","templated":true}]}}