{"id":12829,"date":"2025-02-11T06:31:03","date_gmt":"2025-02-11T09:31:03","guid":{"rendered":"https:\/\/www.noticiasmas.com.ar\/?p=12829"},"modified":"2025-02-11T06:31:06","modified_gmt":"2025-02-11T09:31:06","slug":"alerta-amarilla-por-tormentas-para-este-martes-11-de-febrero","status":"publish","type":"post","link":"https:\/\/www.noticiasmas.com.ar\/index.php\/2025\/02\/11\/alerta-amarilla-por-tormentas-para-este-martes-11-de-febrero\/","title":{"rendered":"Alerta amarilla por tormentas para este martes 11 de febrero"},"content":{"rendered":"\n<p><\/p>\n\n\n\n<p>El Servicio Meteorol\u00f3gico Nacional emiti\u00f3 un alerta amarilla por lluvias y tormentas en la totalidad del cord\u00f3n industrial para este martes 11 de febrero.<\/p>\n\n\n\n<p>Lo que se esperaba como un alivio clim\u00e1tico tras una semana consecutiva de alt\u00edsimas temperaturas, llega este martes con una serie de tormentas aisladas a desarrollarse principalmente en el transcurso de la tarde.<\/p>\n\n\n\n<p>La m\u00e1xima se espera que se ubique en torno a los 27\u00b0C, valores que se mantendr\u00e1n a lo largo de la semana. En ese aspecto, el clima continuar\u00e1 inestable al menos hasta el fin de semana, seg\u00fan las estimaciones del SMN.<\/p>\n\n\n\n<p>En el comienzo de la semana, la temperatura tuvo picos de hasta 41\u00b0C con sensaciones t\u00e9rmicas por encima de los 48\u00b0C.<\/p>\n","protected":false},"excerpt":{"rendered":"<p>El Servicio Meteorol\u00f3gico Nacional emiti\u00f3 un alerta amarilla por lluvias y tormentas en la totalidad del cord\u00f3n industrial para este martes 11 de febrero. Lo que se esperaba como un alivio clim\u00e1tico tras una semana consecutiva de alt\u00edsimas temperaturas, llega este martes con una serie de tormentas aisladas a desarrollarse principalmente en el transcurso de [&hellip;]<\/p>\n","protected":false},"author":9,"featured_media":12830,"comment_status":"closed","ping_status":"open","sticky":false,"template":"","format":"standard","meta":{"tdm_status":"","tdm_grid_status":"","footnotes":""},"categories":[13],"tags":[138,1061,311,140],"class_list":{"0":"post-12829","1":"post","2":"type-post","3":"status-publish","4":"format-standard","5":"has-post-thumbnail","7":"category-region","8":"tag-clima","9":"tag-cordon-industrial","10":"tag-servicio-meteorologico-nacional","11":"tag-tormentas"},"_links":{"self":[{"href":"https:\/\/www.noticiasmas.com.ar\/index.php\/wp-json\/wp\/v2\/posts\/12829","targetHints":{"allow":["GET"]}}],"collection":[{"href":"https:\/\/www.noticiasmas.com.ar\/index.php\/wp-json\/wp\/v2\/posts"}],"about":[{"href":"https:\/\/www.noticiasmas.com.ar\/index.php\/wp-json\/wp\/v2\/types\/post"}],"author":[{"embeddable":true,"href":"https:\/\/www.noticiasmas.com.ar\/index.php\/wp-json\/wp\/v2\/users\/9"}],"replies":[{"embeddable":true,"href":"https:\/\/www.noticiasmas.com.ar\/index.php\/wp-json\/wp\/v2\/comments?post=12829"}],"version-history":[{"count":1,"href":"https:\/\/www.noticiasmas.com.ar\/index.php\/wp-json\/wp\/v2\/posts\/12829\/revisions"}],"predecessor-version":[{"id":12831,"href":"https:\/\/www.noticiasmas.com.ar\/index.php\/wp-json\/wp\/v2\/posts\/12829\/revisions\/12831"}],"wp:featuredmedia":[{"embeddable":true,"href":"https:\/\/www.noticiasmas.com.ar\/index.php\/wp-json\/wp\/v2\/media\/12830"}],"wp:attachment":[{"href":"https:\/\/www.noticiasmas.com.ar\/index.php\/wp-json\/wp\/v2\/media?parent=12829"}],"wp:term":[{"taxonomy":"category","embeddable":true,"href":"https:\/\/www.noticiasmas.com.ar\/index.php\/wp-json\/wp\/v2\/categories?post=12829"},{"taxonomy":"post_tag","embeddable":true,"href":"https:\/\/www.noticiasmas.com.ar\/index.php\/wp-json\/wp\/v2\/tags?post=12829"}],"curies":[{"name":"wp","href":"https:\/\/api.w.org\/{rel}","templated":true}]}}