{"id":12847,"date":"2025-02-11T21:59:07","date_gmt":"2025-02-12T00:59:07","guid":{"rendered":"https:\/\/www.noticiasmas.com.ar\/?p=12847"},"modified":"2025-02-11T21:59:12","modified_gmt":"2025-02-12T00:59:12","slug":"se-entregaron-reconocimientos-a-la-fundacion-aportar-y-al-emprendedor-tecnologico-augusto-boretti","status":"publish","type":"post","link":"https:\/\/www.noticiasmas.com.ar\/index.php\/2025\/02\/11\/se-entregaron-reconocimientos-a-la-fundacion-aportar-y-al-emprendedor-tecnologico-augusto-boretti\/","title":{"rendered":"Se entregaron reconocimientos a la Fundaci\u00f3n Aportar y al emprendedor tecnol\u00f3gico Augusto Boretti"},"content":{"rendered":"\n<p><strong>La Fundaci\u00f3n Aportar de la C\u00e1mara de Comercio recibi\u00f3 una Declaraci\u00f3n de Benepl\u00e1cito por la realizaci\u00f3n de la jornada \u201cEl presente y el futuro de la ingenier\u00eda en nuestra regi\u00f3n\u201d. Por su parte, Augusto fue reconocido por el desarrollo de innovaciones tecnol\u00f3gicas de alto impacto en el mundo empresarial. Tanto el joven desarrollador como los miembros de la organizaci\u00f3n fueron recibidos hoy por el intendente Leonardo Raimundo.<\/strong><\/p>\n\n\n\n<p>Este lunes por la ma\u00f1ana el intendente Leonardo Raimundo recibi\u00f3 a miembros de la Fundaci\u00f3n Aportar y al joven emprendedor tecnol\u00f3gico Augusto Boretti, que hab\u00edan recibido reconocimientos por parte del Concejo Municipal. Del encuentro tambi\u00e9n participaron el concejal Gustavo Oggero y la subsecretaria de Desarrollo Local, Producci\u00f3n, Empleo y Turismo, Delfina Cavagnero.<\/p>\n\n\n\n<p>La Fundaci\u00f3n Aportar de la C\u00e1mara de Comercio tiene como principal l\u00ednea de acci\u00f3n el desarrollo de programas de responsabilidad social como Cadena Productiva, Proyectar y V\u00ednculos, que buscan hacer aportes a la educaci\u00f3n y el fortalecimiento de la sociedad civil. En este marco, llevaron adelante, junto a la Comisi\u00f3n de J\u00f3venes Empresarios y Profesionales de la C\u00e1mara de Comercio, la jornada de capacitaci\u00f3n \u201cEl presente y el futuro de la ingenier\u00eda en nuestra regi\u00f3n\u201d.<\/p>\n\n\n\n<p>La actividad, dirigida a j\u00f3venes estudiantes de los \u00faltimos a\u00f1os del ciclo secundario, tuvo como objetivo brindar difusi\u00f3n e informaci\u00f3n sobre los alcances de las carreras de ingenier\u00eda en el pa\u00eds y la regi\u00f3n.<\/p>\n\n\n\n<p>El Concejo Municipal emiti\u00f3 una Declaraci\u00f3n de Benepl\u00e1cito por la realizaci\u00f3n de la jornada, que este lunes fue entregada a sus organizadores.<\/p>\n\n\n\n<p>Por otra parte recibi\u00f3 una Declaraci\u00f3n de Inter\u00e9s a su trayectoria el joven sanlorencino Augusto Boretti, que a sus 25 a\u00f1os ha desarrollado soluciones innovadoras con gran impacto en el mundo empresarial.<\/p>\n\n\n\n<p>Tras obtener el t\u00edtulo de t\u00e9cnico electr\u00f3nico en la escuela secundaria N\u00ba 477 \u201cCombate de San Lorenzo\u201d, inici\u00f3 la carrera de Ingenier\u00eda Industrial en la Pontificia Universidad Cat\u00f3lica Argentina, que est\u00e1 a punto de completar.<\/p>\n\n\n\n<p>Su esp\u00edritu emprendedor comenz\u00f3 a manifestarse en 2018, cuando fue seleccionado para competir en el Hack2In de Grupo La Segunda.<\/p>\n\n\n\n<p>Luego compiti\u00f3 en el programa Naves del Iae y posteriormente recibi\u00f3 un aporte del gobierno de Santa Fe para financiar BOTech, su primera startup hard tech, dise\u00f1ada con el objetivo de implementar drones h\u00edbridos para apoyar a productores y la log\u00edstica m\u00e9dica cr\u00edtica.<\/p>\n\n\n\n<p>Tras ganar una beca en Singularity University, donde tuvo la oportunidad de estudiar tecnolog\u00edas exponenciales, comenz\u00f3 a tomar forma la idea de crear Palta.<\/p>\n\n\n\n<p>Entonces comenz\u00f3 a trabajar en el dise\u00f1o de una startup de base cient\u00edfica, enfocada en la creaci\u00f3n de cultivos no tradicionales, como durazneros resistentes a la enfermedad del sharka, con el fin de salvar la producci\u00f3n de peque\u00f1os y medianos productores. A partir de ello decidi\u00f3 que su objetivo ser\u00eda apoyar a otros emprendedores para que sus innovaciones llegaran al mercado y pudieran mejorar vidas, especialmente en el \u00e1mbito de la salud y la sustentabilidad.<\/p>\n\n\n\n<p>Con esa visi\u00f3n fund\u00f3 WeArePalta, una soluci\u00f3n innovadora que optimiza la comunicaci\u00f3n en equipos cient\u00edficos, combinando dise\u00f1o, inteligencia artificial y tecnolog\u00eda para facilitar el acceso de las startups cient\u00edficas y atraer inversiones.<\/p>\n\n\n\n<p>Hoy la aplicaci\u00f3n cuenta con un equipo de trabajo conformado por bi\u00f3logos, biotecn\u00f3logos, dise\u00f1adores, desarrolladores y expertos en operaciones, y colabora con m\u00e1s de 40 empresas cient\u00edficas en diferentes pa\u00edses del mundo.<\/p>\n","protected":false},"excerpt":{"rendered":"<p>La Fundaci\u00f3n Aportar de la C\u00e1mara de Comercio recibi\u00f3 una Declaraci\u00f3n de Benepl\u00e1cito por la realizaci\u00f3n de la jornada \u201cEl presente y el futuro de la ingenier\u00eda en nuestra regi\u00f3n\u201d. Por su parte, Augusto fue reconocido por el desarrollo de innovaciones tecnol\u00f3gicas de alto impacto en el mundo empresarial. Tanto el joven desarrollador como los [&hellip;]<\/p>\n","protected":false},"author":5,"featured_media":12848,"comment_status":"closed","ping_status":"open","sticky":false,"template":"","format":"standard","meta":{"tdm_status":"","tdm_grid_status":"","footnotes":""},"categories":[13],"tags":[3919,3918,2340,58],"class_list":{"0":"post-12847","1":"post","2":"type-post","3":"status-publish","4":"format-standard","5":"has-post-thumbnail","7":"category-region","8":"tag-augusto-boretti","9":"tag-fundacion-aportar","10":"tag-reconocimiento","11":"tag-san-lorenzo"},"_links":{"self":[{"href":"https:\/\/www.noticiasmas.com.ar\/index.php\/wp-json\/wp\/v2\/posts\/12847","targetHints":{"allow":["GET"]}}],"collection":[{"href":"https:\/\/www.noticiasmas.com.ar\/index.php\/wp-json\/wp\/v2\/posts"}],"about":[{"href":"https:\/\/www.noticiasmas.com.ar\/index.php\/wp-json\/wp\/v2\/types\/post"}],"author":[{"embeddable":true,"href":"https:\/\/www.noticiasmas.com.ar\/index.php\/wp-json\/wp\/v2\/users\/5"}],"replies":[{"embeddable":true,"href":"https:\/\/www.noticiasmas.com.ar\/index.php\/wp-json\/wp\/v2\/comments?post=12847"}],"version-history":[{"count":1,"href":"https:\/\/www.noticiasmas.com.ar\/index.php\/wp-json\/wp\/v2\/posts\/12847\/revisions"}],"predecessor-version":[{"id":12849,"href":"https:\/\/www.noticiasmas.com.ar\/index.php\/wp-json\/wp\/v2\/posts\/12847\/revisions\/12849"}],"wp:featuredmedia":[{"embeddable":true,"href":"https:\/\/www.noticiasmas.com.ar\/index.php\/wp-json\/wp\/v2\/media\/12848"}],"wp:attachment":[{"href":"https:\/\/www.noticiasmas.com.ar\/index.php\/wp-json\/wp\/v2\/media?parent=12847"}],"wp:term":[{"taxonomy":"category","embeddable":true,"href":"https:\/\/www.noticiasmas.com.ar\/index.php\/wp-json\/wp\/v2\/categories?post=12847"},{"taxonomy":"post_tag","embeddable":true,"href":"https:\/\/www.noticiasmas.com.ar\/index.php\/wp-json\/wp\/v2\/tags?post=12847"}],"curies":[{"name":"wp","href":"https:\/\/api.w.org\/{rel}","templated":true}]}}