{"id":12872,"date":"2025-02-12T22:24:24","date_gmt":"2025-02-13T01:24:24","guid":{"rendered":"https:\/\/www.noticiasmas.com.ar\/?p=12872"},"modified":"2025-02-12T22:24:27","modified_gmt":"2025-02-13T01:24:27","slug":"puerto-san-martin-el-legado-cultural-de-raul-dominguez-el-pintor-de-las-islas-en-el-museo-del-rio-parana","status":"publish","type":"post","link":"https:\/\/www.noticiasmas.com.ar\/index.php\/2025\/02\/12\/puerto-san-martin-el-legado-cultural-de-raul-dominguez-el-pintor-de-las-islas-en-el-museo-del-rio-parana\/","title":{"rendered":"Puerto San Mart\u00edn: El legado cultural de Ra\u00fal Dom\u00ednguez, el pintor de las Islas,\u00a0 en el Museo del R\u00edo Paran\u00e1"},"content":{"rendered":"\n<p>Algunas de las obras m\u00e1s importantes de Ra\u00fal Dom\u00ednguez, tambi\u00e9n conocido como &#8220;El Pintor de las Islas&#8221;, formar\u00e1n parte de la exposici\u00f3n temporal que se presentar\u00e1 en el Museo del R\u00edo Paran\u00e1 en 2025.<\/p>\n\n\n\n<p>A mediados de enero de 2025, el espacio cultural denominado \u00abMuseo del Paran\u00e1 y las Islas\u00bb, fundado por el reconocido artista, cerr\u00f3 sus puertas debido a la finalizaci\u00f3n de la concesi\u00f3n, por decisi\u00f3n del Enapro, responsable de la Estaci\u00f3n Fluvial de Rosario. Esta situaci\u00f3n oblig\u00f3 al retiro no solo de las obras que formaban parte de la exposici\u00f3n, sino tambi\u00e9n de muchos objetos que integraban el patrimonio del espacio cultural.<\/p>\n\n\n\n<p>En respuesta a esta circunstancia, el Museo del R\u00edo Paran\u00e1, ubicado en la ciudad de Puerto General San Mart\u00edn y dependiente de la Municipalidad local, inici\u00f3 gestiones junto a Gabriela Ciani, nieta del artista y responsable de una parte fundamental del acervo cultural del mismo, con el objetivo ofrecer un nuevo espacio donde estas obras puedan ser exhibidas, preservando el legado cultural y revalorizando la importancia de su obra.&nbsp;<\/p>\n\n\n\n<p>Dom\u00ednguez retrata a trav\u00e9s de sus pinturas, los humedales del r\u00edo Paran\u00e1, las costumbres de sus habitantes, tanto actuales como de los pueblos originarios, as\u00ed como su flora, fauna, mitos e historia.<\/p>\n\n\n\n<p>Inicialmente, se est\u00e1 trabajando en una exposici\u00f3n temporal que no solo incluir\u00e1 la muestra de sus obras, sino tambi\u00e9n una mirada sobre la historia y trayectoria del artista. Asimismo, se exhibir\u00e1n objetos patrimoniales que pertenec\u00edan al Museo de las Islas y el Paran\u00e1, junto con talleres art\u00edsticos relacionados con la tem\u00e1tica de la muestra.<\/p>\n\n\n\n<p>Entre las 13 obras que llegaron al museo se encuentra \u00abEl Ocaso\u00bb, una impresionante pintura de gran formato que retrata el rancho isle\u00f1o situado en la zona del Charigu\u00e9, lugar donde Dom\u00ednguez pas\u00f3 gran parte de su vida, observando y plasmando paisajes.<\/p>\n\n\n\n<p>El Museo del R\u00edo Paran\u00e1 es un espacio gratuito y abierto al p\u00fablico, que invita a conocer nuestro r\u00edo y la historia que lo une a nuestra identidad. En sus diversas salas, el museo ofrece una experiencia educativa sobre el r\u00edo Paran\u00e1, su formaci\u00f3n geomorfol\u00f3gica, las especies de megafauna que habitaron la regi\u00f3n, sus principales afluentes, as\u00ed como la flora y fauna que habitan sus distintos tramos.<\/p>\n\n\n\n<p>El museo tambi\u00e9n nos relata la historia del r\u00edo desde sus or\u00edgenes, pasando por la llegada de los europeos, y rememora los eventos m\u00e1s significativos ocurridos en sus aguas, destacando especialmente la Guerra del Paran\u00e1 y la Batalla de Punta Quebracho, acontecida en las costas de Puerto General San Mart\u00edn el 4 de junio de 1846, un hecho hist\u00f3rico que la memoria nacional reconoce cada vez m\u00e1s como un pilar de la soberan\u00eda argentina.<\/p>\n","protected":false},"excerpt":{"rendered":"<p>Algunas de las obras m\u00e1s importantes de Ra\u00fal Dom\u00ednguez, tambi\u00e9n conocido como &#8220;El Pintor de las Islas&#8221;, formar\u00e1n parte de la exposici\u00f3n temporal que se presentar\u00e1 en el Museo del R\u00edo Paran\u00e1 en 2025. A mediados de enero de 2025, el espacio cultural denominado \u00abMuseo del Paran\u00e1 y las Islas\u00bb, fundado por el reconocido artista, [&hellip;]<\/p>\n","protected":false},"author":5,"featured_media":12873,"comment_status":"closed","ping_status":"open","sticky":false,"template":"","format":"standard","meta":{"tdm_status":"","tdm_grid_status":"","footnotes":""},"categories":[13],"tags":[3929,1919,1654,3928],"class_list":{"0":"post-12872","1":"post","2":"type-post","3":"status-publish","4":"format-standard","5":"has-post-thumbnail","7":"category-region","8":"tag-el-pintor-de-las-islas","9":"tag-museo-del-rio-parana","10":"tag-puerto-gral-san-martin","11":"tag-raul-dominguez"},"_links":{"self":[{"href":"https:\/\/www.noticiasmas.com.ar\/index.php\/wp-json\/wp\/v2\/posts\/12872","targetHints":{"allow":["GET"]}}],"collection":[{"href":"https:\/\/www.noticiasmas.com.ar\/index.php\/wp-json\/wp\/v2\/posts"}],"about":[{"href":"https:\/\/www.noticiasmas.com.ar\/index.php\/wp-json\/wp\/v2\/types\/post"}],"author":[{"embeddable":true,"href":"https:\/\/www.noticiasmas.com.ar\/index.php\/wp-json\/wp\/v2\/users\/5"}],"replies":[{"embeddable":true,"href":"https:\/\/www.noticiasmas.com.ar\/index.php\/wp-json\/wp\/v2\/comments?post=12872"}],"version-history":[{"count":1,"href":"https:\/\/www.noticiasmas.com.ar\/index.php\/wp-json\/wp\/v2\/posts\/12872\/revisions"}],"predecessor-version":[{"id":12874,"href":"https:\/\/www.noticiasmas.com.ar\/index.php\/wp-json\/wp\/v2\/posts\/12872\/revisions\/12874"}],"wp:featuredmedia":[{"embeddable":true,"href":"https:\/\/www.noticiasmas.com.ar\/index.php\/wp-json\/wp\/v2\/media\/12873"}],"wp:attachment":[{"href":"https:\/\/www.noticiasmas.com.ar\/index.php\/wp-json\/wp\/v2\/media?parent=12872"}],"wp:term":[{"taxonomy":"category","embeddable":true,"href":"https:\/\/www.noticiasmas.com.ar\/index.php\/wp-json\/wp\/v2\/categories?post=12872"},{"taxonomy":"post_tag","embeddable":true,"href":"https:\/\/www.noticiasmas.com.ar\/index.php\/wp-json\/wp\/v2\/tags?post=12872"}],"curies":[{"name":"wp","href":"https:\/\/api.w.org\/{rel}","templated":true}]}}