{"id":12989,"date":"2025-02-17T21:16:55","date_gmt":"2025-02-18T00:16:55","guid":{"rendered":"https:\/\/www.noticiasmas.com.ar\/?p=12989"},"modified":"2025-02-17T21:16:58","modified_gmt":"2025-02-18T00:16:58","slug":"no-era-medico-pero-llevaba-un-tensiometro-y-un-estetoscopio-termino-detenido","status":"publish","type":"post","link":"https:\/\/www.noticiasmas.com.ar\/index.php\/2025\/02\/17\/no-era-medico-pero-llevaba-un-tensiometro-y-un-estetoscopio-termino-detenido\/","title":{"rendered":"No era m\u00e9dico, pero llevaba un tensi\u00f3metro y un estetoscopio: termin\u00f3 detenido"},"content":{"rendered":"\n<p>Esta tarde, cerca de las 16:00 horas, efectivos policiales detuvieron a un hombre de 33 a\u00f1os, en San Mart\u00edn N\u00b0 53, en el marco de una averiguaci\u00f3n de procedencia. <\/p>\n\n\n\n<p>Durante un patrullaje, los agentes notaron que el sujeto intent\u00f3 evadir su presencia, por lo que decidi\u00f3 interceptarlo e identificarlo. Tras verificar que no ten\u00eda impedimentos legales vigentes, registre sus pertenencias y encontr\u00f3 un<strong> <\/strong>tensi\u00f3metro y un estetoscopio marca Coronet. <\/p>\n\n\n\n<p>Al ser consultado sobre la procedencia de estos elementos de uso profesional m\u00e9dico, el sujeto asegur\u00f3 que los encontr\u00f3 tras un tapial en el Hospital de Baigorria, donde hab\u00eda estado internado.<\/p>\n\n\n\n<p>Ante la situaci\u00f3n, los oficiales informaron lo sucedido a la central 911 y trasladaron al hombre junto con los objetos secuestrados a la Comisar\u00eda 2\u00aa , donde qued\u00f3 a disposici\u00f3n de la Justicia.<\/p>\n","protected":false},"excerpt":{"rendered":"<p>Esta tarde, cerca de las 16:00 horas, efectivos policiales detuvieron a un hombre de 33 a\u00f1os, en San Mart\u00edn N\u00b0 53, en el marco de una averiguaci\u00f3n de procedencia. Durante un patrullaje, los agentes notaron que el sujeto intent\u00f3 evadir su presencia, por lo que decidi\u00f3 interceptarlo e identificarlo. Tras verificar que no ten\u00eda impedimentos [&hellip;]<\/p>\n","protected":false},"author":3,"featured_media":12990,"comment_status":"closed","ping_status":"open","sticky":false,"template":"","format":"standard","meta":{"tdm_status":"","tdm_grid_status":"","footnotes":""},"categories":[9],"tags":[247,110,192],"class_list":{"0":"post-12989","1":"post","2":"type-post","3":"status-publish","4":"format-standard","5":"has-post-thumbnail","7":"category-policiales","8":"tag-capitan-bermudez","9":"tag-detenido","10":"tag-secuestro"},"_links":{"self":[{"href":"https:\/\/www.noticiasmas.com.ar\/index.php\/wp-json\/wp\/v2\/posts\/12989","targetHints":{"allow":["GET"]}}],"collection":[{"href":"https:\/\/www.noticiasmas.com.ar\/index.php\/wp-json\/wp\/v2\/posts"}],"about":[{"href":"https:\/\/www.noticiasmas.com.ar\/index.php\/wp-json\/wp\/v2\/types\/post"}],"author":[{"embeddable":true,"href":"https:\/\/www.noticiasmas.com.ar\/index.php\/wp-json\/wp\/v2\/users\/3"}],"replies":[{"embeddable":true,"href":"https:\/\/www.noticiasmas.com.ar\/index.php\/wp-json\/wp\/v2\/comments?post=12989"}],"version-history":[{"count":1,"href":"https:\/\/www.noticiasmas.com.ar\/index.php\/wp-json\/wp\/v2\/posts\/12989\/revisions"}],"predecessor-version":[{"id":12991,"href":"https:\/\/www.noticiasmas.com.ar\/index.php\/wp-json\/wp\/v2\/posts\/12989\/revisions\/12991"}],"wp:featuredmedia":[{"embeddable":true,"href":"https:\/\/www.noticiasmas.com.ar\/index.php\/wp-json\/wp\/v2\/media\/12990"}],"wp:attachment":[{"href":"https:\/\/www.noticiasmas.com.ar\/index.php\/wp-json\/wp\/v2\/media?parent=12989"}],"wp:term":[{"taxonomy":"category","embeddable":true,"href":"https:\/\/www.noticiasmas.com.ar\/index.php\/wp-json\/wp\/v2\/categories?post=12989"},{"taxonomy":"post_tag","embeddable":true,"href":"https:\/\/www.noticiasmas.com.ar\/index.php\/wp-json\/wp\/v2\/tags?post=12989"}],"curies":[{"name":"wp","href":"https:\/\/api.w.org\/{rel}","templated":true}]}}