{"id":13100,"date":"2025-02-21T11:37:29","date_gmt":"2025-02-21T14:37:29","guid":{"rendered":"https:\/\/www.noticiasmas.com.ar\/?p=13100"},"modified":"2025-02-21T11:38:54","modified_gmt":"2025-02-21T14:38:54","slug":"condenaron-a-leonardo-cositorto-por-estafa-y-asociacion-ilicita","status":"publish","type":"post","link":"https:\/\/www.noticiasmas.com.ar\/index.php\/2025\/02\/21\/condenaron-a-leonardo-cositorto-por-estafa-y-asociacion-ilicita\/","title":{"rendered":"Condenaron a Leonardo Cositorto por estafa y asociaci\u00f3n il\u00edcita"},"content":{"rendered":"\n<p><strong>Leonardo Cositorto<\/strong>, l\u00edder de Generaci\u00f3n Zoe,\u00a0<strong>fue hallado culpable del delito de estafa y asociaci\u00f3n il\u00edcita.<\/strong>\u00a0La pena fue otorgada por el Tribunal de Goya, Corrientes, en una audiencia acalorada por gritos y la expulsi\u00f3n de la sala del acusado.<\/p>\n\n\n\n<p>En minutos se espera que se realice la&nbsp;<strong>audiencia de cesura<\/strong>&nbsp;donde se conocer\u00e1 el monto de la pena, la cual abarca un&nbsp;<strong>m\u00ednimo de cinco a\u00f1os de prisi\u00f3n<\/strong>&nbsp;por el delito de&nbsp;<strong>estafa en continuado y asociaci\u00f3n il\u00edcita.<\/strong><\/p>\n\n\n\n<p><strong>Miguel \u00c1ngel Echegaray, Maximiliano Javier Batista, Lucas Dami\u00e1n Camelino<\/strong><strong>&nbsp;<\/strong>fueron tambi\u00e9n hallados culpables, mientras que&nbsp;<strong>Nicol\u00e1s Ismael Medina y Javier Sebasti\u00e1n Medina quedaron absueltos.<\/strong><\/p>\n\n\n\n<p>Ahora resta que los acusados enfrenten procesos en las provincias de&nbsp;<strong>C\u00f3rdoba, Santa Fe, Salta y Buenos Aires<\/strong>. Sobre este \u00faltimo, Pablo Fleitas, abogado querellante, inform\u00f3 que<strong>&nbsp;la pr\u00f3xima semana llamar\u00edan a Cositorto y al grupo a indagatoria.<\/strong><\/p>\n\n\n\n<p>Antes del dictamen de culpabilidad, el presidente del Tribunal&nbsp;<strong>Ricardo Carbajal<\/strong>, dio cuenta de los hechos que tienen por acreditados tras los casi cuatro meses de juicio.<\/p>\n\n\n\n<p>Mencion\u00f3 los\u00a0hechos, viajes y fechas en las que la organizaci\u00f3n se instal\u00f3 en la localidad de Goya y el esquema de reconocimiento de jerarqu\u00eda\u00a0para acreditar la existencia de esta organizaci\u00f3n:\u00a0\u201cEst\u00e1 comprobado documentadamente que se instalaron en la localidad de Goya y que la asociaci\u00f3n il\u00edcita y el dolo por estafa existi\u00f3 desde el principio\u201d.<\/p>\n\n\n\n<p>En la fundamentaci\u00f3n mencion\u00f3 que\u00a0\u201cse sostuvo como maniobra el uso de pantallas medi\u00e1ticas y medios de comunicaci\u00f3n y la ostentaci\u00f3n mostrando viajes de lujo para construir el enga\u00f1o\u201d.<\/p>\n\n\n\n<p>Con informaci\u00f3n de Noticias Argentinas. <\/p>\n","protected":false},"excerpt":{"rendered":"<p>Leonardo Cositorto, l\u00edder de Generaci\u00f3n Zoe,\u00a0fue hallado culpable del delito de estafa y asociaci\u00f3n il\u00edcita.\u00a0La pena fue otorgada por el Tribunal de Goya, Corrientes, en una audiencia acalorada por gritos y la expulsi\u00f3n de la sala del acusado. En minutos se espera que se realice la&nbsp;audiencia de cesura&nbsp;donde se conocer\u00e1 el monto de la pena, [&hellip;]<\/p>\n","protected":false},"author":9,"featured_media":13103,"comment_status":"closed","ping_status":"open","sticky":false,"template":"","format":"standard","meta":{"tdm_status":"","tdm_grid_status":"","footnotes":""},"categories":[1],"tags":[2452,3981,3286,3093],"class_list":{"0":"post-13100","1":"post","2":"type-post","3":"status-publish","4":"format-standard","5":"has-post-thumbnail","7":"category-nacionales","8":"tag-corrientes","9":"tag-cositorto","10":"tag-estafa","11":"tag-juicio"},"_links":{"self":[{"href":"https:\/\/www.noticiasmas.com.ar\/index.php\/wp-json\/wp\/v2\/posts\/13100","targetHints":{"allow":["GET"]}}],"collection":[{"href":"https:\/\/www.noticiasmas.com.ar\/index.php\/wp-json\/wp\/v2\/posts"}],"about":[{"href":"https:\/\/www.noticiasmas.com.ar\/index.php\/wp-json\/wp\/v2\/types\/post"}],"author":[{"embeddable":true,"href":"https:\/\/www.noticiasmas.com.ar\/index.php\/wp-json\/wp\/v2\/users\/9"}],"replies":[{"embeddable":true,"href":"https:\/\/www.noticiasmas.com.ar\/index.php\/wp-json\/wp\/v2\/comments?post=13100"}],"version-history":[{"count":1,"href":"https:\/\/www.noticiasmas.com.ar\/index.php\/wp-json\/wp\/v2\/posts\/13100\/revisions"}],"predecessor-version":[{"id":13102,"href":"https:\/\/www.noticiasmas.com.ar\/index.php\/wp-json\/wp\/v2\/posts\/13100\/revisions\/13102"}],"wp:featuredmedia":[{"embeddable":true,"href":"https:\/\/www.noticiasmas.com.ar\/index.php\/wp-json\/wp\/v2\/media\/13103"}],"wp:attachment":[{"href":"https:\/\/www.noticiasmas.com.ar\/index.php\/wp-json\/wp\/v2\/media?parent=13100"}],"wp:term":[{"taxonomy":"category","embeddable":true,"href":"https:\/\/www.noticiasmas.com.ar\/index.php\/wp-json\/wp\/v2\/categories?post=13100"},{"taxonomy":"post_tag","embeddable":true,"href":"https:\/\/www.noticiasmas.com.ar\/index.php\/wp-json\/wp\/v2\/tags?post=13100"}],"curies":[{"name":"wp","href":"https:\/\/api.w.org\/{rel}","templated":true}]}}