{"id":1311,"date":"2023-12-14T09:05:00","date_gmt":"2023-12-14T12:05:00","guid":{"rendered":"https:\/\/www.noticiasmas.com.ar\/?p=1311"},"modified":"2023-12-14T09:05:01","modified_gmt":"2023-12-14T12:05:01","slug":"jueves-pegajoso-y-humedad-por-las-nubes","status":"publish","type":"post","link":"https:\/\/www.noticiasmas.com.ar\/index.php\/2023\/12\/14\/jueves-pegajoso-y-humedad-por-las-nubes\/","title":{"rendered":"Jueves pegajoso y humedad por las nubes"},"content":{"rendered":"\n<p>Con una m\u00e1xima de 27 grados la jornada comenz\u00f3 con el cielo encapotado y humedad al 97 por ciento. El SMN indic\u00f3 que nuestra regi\u00f3n sigue bajo alerta. <\/p>\n\n\n\n<p>El Servicio Meteorol\u00f3gico Nacional (SMN) mantiene para hoy jueves un<strong>\u00a0alerta amarillo<\/strong>\u00a0por tormentas hasta este viernes inclusive. La regi\u00f3n estar\u00e1 afectada por lluvias y tormentas variadas y de gran intensidad. <\/p>\n\n\n\n<p>Estas condiciones estar\u00e1n acompa\u00f1adas por una m\u00e1xima para hoy de 27 grados y viento del sector Este a 11km\/h. <\/p>\n\n\n\n<p>Los fen\u00f3menos podr\u00edan estar acompa\u00f1ados por fuertes r\u00e1fagas de viento, fuerte actividad el\u00e9ctrica, abundante agua y ocasional ca\u00edda de granizo que se dar\u00e1 cortos periodos. <\/p>\n\n\n\n<p><\/p>\n","protected":false},"excerpt":{"rendered":"<p>Con una m\u00e1xima de 27 grados la jornada comenz\u00f3 con el cielo encapotado y humedad al 97 por ciento. El SMN indic\u00f3 que nuestra regi\u00f3n sigue bajo alerta. El Servicio Meteorol\u00f3gico Nacional (SMN) mantiene para hoy jueves un\u00a0alerta amarillo\u00a0por tormentas hasta este viernes inclusive. La regi\u00f3n estar\u00e1 afectada por lluvias y tormentas variadas y de [&hellip;]<\/p>\n","protected":false},"author":3,"featured_media":1312,"comment_status":"closed","ping_status":"open","sticky":false,"template":"","format":"standard","meta":{"tdm_status":"","tdm_grid_status":"","footnotes":""},"categories":[13],"tags":[496,138,193],"class_list":{"0":"post-1311","1":"post","2":"type-post","3":"status-publish","4":"format-standard","5":"has-post-thumbnail","7":"category-region","8":"tag-alerta-amarrillo","9":"tag-clima","10":"tag-smn"},"_links":{"self":[{"href":"https:\/\/www.noticiasmas.com.ar\/index.php\/wp-json\/wp\/v2\/posts\/1311","targetHints":{"allow":["GET"]}}],"collection":[{"href":"https:\/\/www.noticiasmas.com.ar\/index.php\/wp-json\/wp\/v2\/posts"}],"about":[{"href":"https:\/\/www.noticiasmas.com.ar\/index.php\/wp-json\/wp\/v2\/types\/post"}],"author":[{"embeddable":true,"href":"https:\/\/www.noticiasmas.com.ar\/index.php\/wp-json\/wp\/v2\/users\/3"}],"replies":[{"embeddable":true,"href":"https:\/\/www.noticiasmas.com.ar\/index.php\/wp-json\/wp\/v2\/comments?post=1311"}],"version-history":[{"count":1,"href":"https:\/\/www.noticiasmas.com.ar\/index.php\/wp-json\/wp\/v2\/posts\/1311\/revisions"}],"predecessor-version":[{"id":1316,"href":"https:\/\/www.noticiasmas.com.ar\/index.php\/wp-json\/wp\/v2\/posts\/1311\/revisions\/1316"}],"wp:featuredmedia":[{"embeddable":true,"href":"https:\/\/www.noticiasmas.com.ar\/index.php\/wp-json\/wp\/v2\/media\/1312"}],"wp:attachment":[{"href":"https:\/\/www.noticiasmas.com.ar\/index.php\/wp-json\/wp\/v2\/media?parent=1311"}],"wp:term":[{"taxonomy":"category","embeddable":true,"href":"https:\/\/www.noticiasmas.com.ar\/index.php\/wp-json\/wp\/v2\/categories?post=1311"},{"taxonomy":"post_tag","embeddable":true,"href":"https:\/\/www.noticiasmas.com.ar\/index.php\/wp-json\/wp\/v2\/tags?post=1311"}],"curies":[{"name":"wp","href":"https:\/\/api.w.org\/{rel}","templated":true}]}}