{"id":13115,"date":"2025-02-24T07:58:31","date_gmt":"2025-02-24T10:58:31","guid":{"rendered":"https:\/\/www.noticiasmas.com.ar\/?p=13115"},"modified":"2025-02-24T07:58:34","modified_gmt":"2025-02-24T10:58:34","slug":"esta-noche-comenzarian-las-tormentas-que-continuaran-durante-toda-la-semana","status":"publish","type":"post","link":"https:\/\/www.noticiasmas.com.ar\/index.php\/2025\/02\/24\/esta-noche-comenzarian-las-tormentas-que-continuaran-durante-toda-la-semana\/","title":{"rendered":"Esta noche comenzar\u00edan las tormentas que continuar\u00e1n durante toda la semana"},"content":{"rendered":"\n<p><strong>El cielo sanlorencino espera lluvias y tormentas durante casi la totalidad de esta semana, comenzando las mismas en la tarde noche de este lunes 24 de febrero.<\/strong><\/p>\n\n\n\n<p><strong>El Servicio Meteorol\u00f3gico Nacional anticipa lluvias y tormentas aisladas para toda la semana, teniendo comienzo a partir de hoy y derivando a su vez en un descenso de temperatura que pondr\u00eda fin a esta ola de calor.&nbsp;<\/strong><\/p>\n\n\n\n<p><strong>En principio, este lunes ser\u00eda el \u00faltimo d\u00eda con temperaturas por encima de los 30\u00b0C. Poco a poco, el cielo se ir\u00e1 tornando cada vez m\u00e1s gris, para llegar a las primeras lluvias en la noche de esta jornada.&nbsp;<\/strong><\/p>\n\n\n\n<p><strong>Desde el Centro de Monitoreo Meteorol\u00f3gico y Clim\u00e1tico de Granadero Baigorria, por su parte, sostienen que \u201clos acumulados de lluvia se estiman entre 20mm a 100, pudiendo ser superados de manera puntual\u201d, y que \u201clos eventos m\u00e1s intensos se esperan en el sur y centro provincial\u201d.&nbsp;<\/strong><\/p>\n\n\n\n<p><strong>\u201cLas tormentas podr\u00e1n estar acompa\u00f1adas de actividad el\u00e9ctrica intensa, r\u00e1fagas fuertes de viento, abundante ca\u00edda de agua en cortos per\u00edodos de tiempo y ocasionalmente granizo\u201d, agregaron.<\/strong><\/p>\n","protected":false},"excerpt":{"rendered":"<p>El cielo sanlorencino espera lluvias y tormentas durante casi la totalidad de esta semana, comenzando las mismas en la tarde noche de este lunes 24 de febrero. El Servicio Meteorol\u00f3gico Nacional anticipa lluvias y tormentas aisladas para toda la semana, teniendo comienzo a partir de hoy y derivando a su vez en un descenso de [&hellip;]<\/p>\n","protected":false},"author":9,"featured_media":2333,"comment_status":"closed","ping_status":"open","sticky":false,"template":"","format":"standard","meta":{"tdm_status":"","tdm_grid_status":"","footnotes":""},"categories":[13],"tags":[138,392,58,479],"class_list":{"0":"post-13115","1":"post","2":"type-post","3":"status-publish","4":"format-standard","5":"has-post-thumbnail","7":"category-region","8":"tag-clima","9":"tag-lluvias","10":"tag-san-lorenzo","11":"tag-tiempo"},"_links":{"self":[{"href":"https:\/\/www.noticiasmas.com.ar\/index.php\/wp-json\/wp\/v2\/posts\/13115","targetHints":{"allow":["GET"]}}],"collection":[{"href":"https:\/\/www.noticiasmas.com.ar\/index.php\/wp-json\/wp\/v2\/posts"}],"about":[{"href":"https:\/\/www.noticiasmas.com.ar\/index.php\/wp-json\/wp\/v2\/types\/post"}],"author":[{"embeddable":true,"href":"https:\/\/www.noticiasmas.com.ar\/index.php\/wp-json\/wp\/v2\/users\/9"}],"replies":[{"embeddable":true,"href":"https:\/\/www.noticiasmas.com.ar\/index.php\/wp-json\/wp\/v2\/comments?post=13115"}],"version-history":[{"count":1,"href":"https:\/\/www.noticiasmas.com.ar\/index.php\/wp-json\/wp\/v2\/posts\/13115\/revisions"}],"predecessor-version":[{"id":13116,"href":"https:\/\/www.noticiasmas.com.ar\/index.php\/wp-json\/wp\/v2\/posts\/13115\/revisions\/13116"}],"wp:featuredmedia":[{"embeddable":true,"href":"https:\/\/www.noticiasmas.com.ar\/index.php\/wp-json\/wp\/v2\/media\/2333"}],"wp:attachment":[{"href":"https:\/\/www.noticiasmas.com.ar\/index.php\/wp-json\/wp\/v2\/media?parent=13115"}],"wp:term":[{"taxonomy":"category","embeddable":true,"href":"https:\/\/www.noticiasmas.com.ar\/index.php\/wp-json\/wp\/v2\/categories?post=13115"},{"taxonomy":"post_tag","embeddable":true,"href":"https:\/\/www.noticiasmas.com.ar\/index.php\/wp-json\/wp\/v2\/tags?post=13115"}],"curies":[{"name":"wp","href":"https:\/\/api.w.org\/{rel}","templated":true}]}}