{"id":13162,"date":"2025-02-24T18:43:52","date_gmt":"2025-02-24T21:43:52","guid":{"rendered":"https:\/\/www.noticiasmas.com.ar\/?p=13162"},"modified":"2025-02-24T18:43:55","modified_gmt":"2025-02-24T21:43:55","slug":"el-100-de-los-estatales-de-la-provincia-estamos-bajo-la-linea-de-pobreza","status":"publish","type":"post","link":"https:\/\/www.noticiasmas.com.ar\/index.php\/2025\/02\/24\/el-100-de-los-estatales-de-la-provincia-estamos-bajo-la-linea-de-pobreza\/","title":{"rendered":"&#8221;El 100% de los estatales de la provincia estamos bajo la l\u00ednea de pobreza&#8221;"},"content":{"rendered":"\n<p><strong>Lo dijo Lorena Almir\u00f3n, Secretaria General de ATE y CTAA Rosario en la asamblea y posterior acto en Plaza San Mart\u00edn, en el marco del rechazo rosarino a la paritaria provincial. Fuerte presencia policial en Gobernaci\u00f3n y una clase de dignidad callejera en el inicio del ciclo lectivo.<\/strong><\/p>\n\n\n\n<p>Pese a las amenazas y los aprietes del gobierno de Santa Fe, la convocatoria unitaria fue nutrida en el microcentro de Rosario. Una extraordinaria presencia policial custodi\u00f3 la actividad en la que confluyeron ATE Rosario, Amsafe local, COAD, profesionales de la salud y otros gremios solidarios.<\/p>\n\n\n\n<p>Las y los estatales provinciales de la ciudad se manifestaron en una asamblea contra la paritaria del 5% trimestral aprobada en una votaci\u00f3n poco representativa del Consejo Directivo Provincial del sindicato. \u201cLo rechazamos porque hoy el salario m\u00ednimo es $1.600.000, sin contar alquiler y otros gastos. Y consideramos que para empezar a hablar de un aumento, el piso es ese. La mayor\u00eda de los estatales de la provincia estamos en un promedio de 600.000 pesos, es decir que el 100% de los trabajadores hoy estamos por debajo de la l\u00ednea de pobreza. Sobre todo en los sectores de servicios generales de salud y asistentes escolares que en un 100% estamos en esa cifra\u201d. &nbsp;<\/p>\n\n\n\n<p>Durante enero y febrero la Seccional ven\u00eda realizando plenarios sectoriales donde se plantearon los puntos centrales para aceptar cualquier propuesta oficial. Uno de ellos, era el pago de la deuda salarial de 2023 actualizada (22,4%). Cabe recordar que la devaluaci\u00f3n del 118% de fines de 2023 golpe\u00f3 el poder adquisitivo de todos los trabajadores, pero las y los estatales fueron desde entonces quienes m\u00e1s vieron reducido su poder adquisitivo.<\/p>\n\n\n\n<p>Tras lo firmado por el CDP \u201clo que vamos a tener en nuestros bolsillos de manera complementaria, porque ni siquiera es el salario de febrero, son 120.000 pesos, que lo vamos a cobrar todos juntos porque garantizan un piso de 50.000 y 70.000, equivale a 120.000 pesos. Es de manera retroactiva, pero al mes siguiente vamos a cobrar solo 70.000 pesos, as\u00ed que eso es un incremento real en el bolsillo. Aunque lo quisieron disfrazar, lo quisieron vender como una buena oferta, pero la verdad que es insignificante para todo lo que hoy necesitamos los trabajadores y trabajadoras y nuestras familia\u201d, sostuvo Almir\u00f3n.<\/p>\n\n\n\n<p>La dirigente no descart\u00f3 \u201cacciones sorpresivas\u201d y dio por hecho la profundizaci\u00f3n del plan de lucha con diversas medidas gremiales que se debatir\u00e1n \u201cde cara a las y los afiliados en cada lugar de trabajo\u201d.<\/p>\n","protected":false},"excerpt":{"rendered":"<p>Lo dijo Lorena Almir\u00f3n, Secretaria General de ATE y CTAA Rosario en la asamblea y posterior acto en Plaza San Mart\u00edn, en el marco del rechazo rosarino a la paritaria provincial. Fuerte presencia policial en Gobernaci\u00f3n y una clase de dignidad callejera en el inicio del ciclo lectivo. Pese a las amenazas y los aprietes [&hellip;]<\/p>\n","protected":false},"author":5,"featured_media":13163,"comment_status":"closed","ping_status":"open","sticky":false,"template":"","format":"standard","meta":{"tdm_status":"","tdm_grid_status":"","footnotes":""},"categories":[13],"tags":[1779,897,3994,372,163],"class_list":{"0":"post-13162","1":"post","2":"type-post","3":"status-publish","4":"format-standard","5":"has-post-thumbnail","7":"category-region","8":"tag-acto","9":"tag-ate","10":"tag-ctaa","11":"tag-plaza-san-martin","12":"tag-rosario"},"_links":{"self":[{"href":"https:\/\/www.noticiasmas.com.ar\/index.php\/wp-json\/wp\/v2\/posts\/13162","targetHints":{"allow":["GET"]}}],"collection":[{"href":"https:\/\/www.noticiasmas.com.ar\/index.php\/wp-json\/wp\/v2\/posts"}],"about":[{"href":"https:\/\/www.noticiasmas.com.ar\/index.php\/wp-json\/wp\/v2\/types\/post"}],"author":[{"embeddable":true,"href":"https:\/\/www.noticiasmas.com.ar\/index.php\/wp-json\/wp\/v2\/users\/5"}],"replies":[{"embeddable":true,"href":"https:\/\/www.noticiasmas.com.ar\/index.php\/wp-json\/wp\/v2\/comments?post=13162"}],"version-history":[{"count":1,"href":"https:\/\/www.noticiasmas.com.ar\/index.php\/wp-json\/wp\/v2\/posts\/13162\/revisions"}],"predecessor-version":[{"id":13164,"href":"https:\/\/www.noticiasmas.com.ar\/index.php\/wp-json\/wp\/v2\/posts\/13162\/revisions\/13164"}],"wp:featuredmedia":[{"embeddable":true,"href":"https:\/\/www.noticiasmas.com.ar\/index.php\/wp-json\/wp\/v2\/media\/13163"}],"wp:attachment":[{"href":"https:\/\/www.noticiasmas.com.ar\/index.php\/wp-json\/wp\/v2\/media?parent=13162"}],"wp:term":[{"taxonomy":"category","embeddable":true,"href":"https:\/\/www.noticiasmas.com.ar\/index.php\/wp-json\/wp\/v2\/categories?post=13162"},{"taxonomy":"post_tag","embeddable":true,"href":"https:\/\/www.noticiasmas.com.ar\/index.php\/wp-json\/wp\/v2\/tags?post=13162"}],"curies":[{"name":"wp","href":"https:\/\/api.w.org\/{rel}","templated":true}]}}