{"id":13189,"date":"2025-02-25T10:59:21","date_gmt":"2025-02-25T13:59:21","guid":{"rendered":"https:\/\/www.noticiasmas.com.ar\/?p=13189"},"modified":"2025-02-25T10:59:25","modified_gmt":"2025-02-25T13:59:25","slug":"desde-amsafe-manifestaron-su-malestar-por-la-amenaza-del-gobierno-provincial-por-el-descuento-del-dia-de-paro","status":"publish","type":"post","link":"https:\/\/www.noticiasmas.com.ar\/index.php\/2025\/02\/25\/desde-amsafe-manifestaron-su-malestar-por-la-amenaza-del-gobierno-provincial-por-el-descuento-del-dia-de-paro\/","title":{"rendered":"Desde AMSAFE manifestaron su malestar por la \u201camenaza\u201d del Gobierno Provincial por el descuento del d\u00eda de paro"},"content":{"rendered":"\n<p>Los docentes nucleados en el gremio AMSAFE tuvieron este lunes 24 de febrero un comienzo de actividades escolares en toda la provincia que estuvo marcado por una adhesi\u00f3n a una medida de fuerza nacional y un rechazo total de la paritaria ofrecida por el gobierno provincial.&nbsp;<\/p>\n\n\n\n<p>En ese contexto, la gran mayor\u00eda de los docentes particip\u00f3 de la jornada de inicio del ciclo lectivo debido a que, de lo contrario, desde la provincia se descuenta el d\u00eda de paro tal y como se hizo a lo largo de casi la totalidad del 2024.&nbsp;<\/p>\n\n\n\n<p>\u201cTodos sabemos lo que significa el descuento de cada d\u00eda de trabajo, y esa es la herramienta que emplea el gobierno para pretender \u201cdisciplinar\u201d a las y los trabajadores de la educaci\u00f3n. Pero no lograr\u00e1n su objetivo. La docencia santafesina siente malestar por esta situaci\u00f3n, bronca por el maltrato, angustia porque no llega a fin de mes\u201d, se\u00f1alaron en un comunicado difundido este martes, cuando se cumplir\u00e1 una nueva jornada de clases en todo el territorio provincial y nacional.<\/p>\n\n\n\n<p>\u201cExigimos una propuesta salarial que contemple un aumento acorde a las necesidades de nuestro sector, sin sumas en negro, escuelas en condiciones, trabajo sano y seguro, presupuesto para educaci\u00f3n, concursos y traslados, aumento a las y los jubilados, derogaci\u00f3n de la ley de jubilaciones que perjudica tanto a activos como a pasivos\u201d, agregaron.<\/p>\n\n\n\n<p>En el marco de la discusi\u00f3n paritaria del 2024, el Gobierno Provincial comenz\u00f3 a implementar, por un lado, un estricto descuento de los d\u00edas de paro, a la vez que impuls\u00f3 un programa de premios por presentismo, lo que mitig\u00f3 considerablemente el accionar de los sindicatos docentes.&nbsp;<\/p>\n\n\n\n<p>\u201cAnte un gobierno provincial que quita derechos, baja salarios, no respeta la paritaria y quiere enfrentarnos con las familias, hoy m\u00e1s que nunca seguimos de pie, dando clase de dignidad, resistencia y lucha, sosteniendo los mayores niveles de unidad entre los miembros de la comunidad, por mejores condiciones de ense\u00f1ar y de aprender, en defensa de la escuela p\u00fablica y del derecho social a la educaci\u00f3n\u201d, cerraron el comunicado.<\/p>\n","protected":false},"excerpt":{"rendered":"<p>Los docentes nucleados en el gremio AMSAFE tuvieron este lunes 24 de febrero un comienzo de actividades escolares en toda la provincia que estuvo marcado por una adhesi\u00f3n a una medida de fuerza nacional y un rechazo total de la paritaria ofrecida por el gobierno provincial.&nbsp; En ese contexto, la gran mayor\u00eda de los docentes [&hellip;]<\/p>\n","protected":false},"author":9,"featured_media":13190,"comment_status":"closed","ping_status":"open","sticky":false,"template":"","format":"standard","meta":{"tdm_status":"","tdm_grid_status":"","footnotes":""},"categories":[13],"tags":[800,798,822,2248],"class_list":{"0":"post-13189","1":"post","2":"type-post","3":"status-publish","4":"format-standard","5":"has-post-thumbnail","7":"category-region","8":"tag-amsafe","9":"tag-docentes","10":"tag-paritarias","11":"tag-provinciales"},"_links":{"self":[{"href":"https:\/\/www.noticiasmas.com.ar\/index.php\/wp-json\/wp\/v2\/posts\/13189","targetHints":{"allow":["GET"]}}],"collection":[{"href":"https:\/\/www.noticiasmas.com.ar\/index.php\/wp-json\/wp\/v2\/posts"}],"about":[{"href":"https:\/\/www.noticiasmas.com.ar\/index.php\/wp-json\/wp\/v2\/types\/post"}],"author":[{"embeddable":true,"href":"https:\/\/www.noticiasmas.com.ar\/index.php\/wp-json\/wp\/v2\/users\/9"}],"replies":[{"embeddable":true,"href":"https:\/\/www.noticiasmas.com.ar\/index.php\/wp-json\/wp\/v2\/comments?post=13189"}],"version-history":[{"count":1,"href":"https:\/\/www.noticiasmas.com.ar\/index.php\/wp-json\/wp\/v2\/posts\/13189\/revisions"}],"predecessor-version":[{"id":13191,"href":"https:\/\/www.noticiasmas.com.ar\/index.php\/wp-json\/wp\/v2\/posts\/13189\/revisions\/13191"}],"wp:featuredmedia":[{"embeddable":true,"href":"https:\/\/www.noticiasmas.com.ar\/index.php\/wp-json\/wp\/v2\/media\/13190"}],"wp:attachment":[{"href":"https:\/\/www.noticiasmas.com.ar\/index.php\/wp-json\/wp\/v2\/media?parent=13189"}],"wp:term":[{"taxonomy":"category","embeddable":true,"href":"https:\/\/www.noticiasmas.com.ar\/index.php\/wp-json\/wp\/v2\/categories?post=13189"},{"taxonomy":"post_tag","embeddable":true,"href":"https:\/\/www.noticiasmas.com.ar\/index.php\/wp-json\/wp\/v2\/tags?post=13189"}],"curies":[{"name":"wp","href":"https:\/\/api.w.org\/{rel}","templated":true}]}}