{"id":13198,"date":"2025-02-26T08:23:05","date_gmt":"2025-02-26T11:23:05","guid":{"rendered":"https:\/\/www.noticiasmas.com.ar\/?p=13198"},"modified":"2025-02-26T08:23:08","modified_gmt":"2025-02-26T11:23:08","slug":"anunciaron-una-inversion-de-250-millones-para-la-nueva-guardia-del-hospital-granaderos-a-caballo","status":"publish","type":"post","link":"https:\/\/www.noticiasmas.com.ar\/index.php\/2025\/02\/26\/anunciaron-una-inversion-de-250-millones-para-la-nueva-guardia-del-hospital-granaderos-a-caballo\/","title":{"rendered":"Anunciaron una inversi\u00f3n de $ 250 millones para la nueva Guardia del Hospital Granaderos a Caballo"},"content":{"rendered":"\n<p><\/p>\n\n\n\n<p>El gobernador santafesino Maximiliano Pullaro anunci\u00f3, en conjunto con el intendente Leonardo Raimundo, una inversi\u00f3n provincial de 250 millones de pesos en el Hospital Granaderos a Caballo de la ciudad de San Lorenzo.<\/p>\n\n\n\n<p><br>La iniciativa consiste en \u201cuna propuesta sanitaria integral, porque no s\u00f3lo tiene que ver con la infraestructura y el sistema de triage, sino tambi\u00e9n con el cambio de estatus jur\u00eddico del hospital, que nos va permitir administrar de manera diferente los recursos humanos, financieros y log\u00edsticos, y dar un mejor servicio en la ciudad y la regi\u00f3n\u201d, destac\u00f3 Pullaro y agradeci\u00f3 al equipo de la cartera sanitaria que dise\u00f1\u00f3 el proyecto.<\/p>\n\n\n\n<p><br>En este sentido, el gobernador se\u00f1al\u00f3 que \u201chab\u00eda que repensar de qu\u00e9 manera pod\u00edamos ser eficientes en la administraci\u00f3n de los recursos, porque lo m\u00e1s sencillo es anunciar una gran obra y ejecutarla, pero cuando se construye una pol\u00edtica p\u00fablica con seriedad y responsabilidad, hay que estudiarla porque no se trata s\u00f3lo de la asignaci\u00f3n de recursos materiales, financieros o humanos, sino que hay que tener en claro cu\u00e1l es el objetivo\u201d.<\/p>\n\n\n\n<figure class=\"wp-block-image size-large\"><img loading=\"lazy\" decoding=\"async\" width=\"1024\" height=\"768\" src=\"https:\/\/www.noticiasmas.com.ar\/wp-content\/uploads\/2025\/02\/WhatsApp-Image-2025-02-26-at-08.18.51-1-1024x768.jpeg\" alt=\"\" class=\"wp-image-13200\" srcset=\"https:\/\/www.noticiasmas.com.ar\/wp-content\/uploads\/2025\/02\/WhatsApp-Image-2025-02-26-at-08.18.51-1-1024x768.jpeg 1024w, https:\/\/www.noticiasmas.com.ar\/wp-content\/uploads\/2025\/02\/WhatsApp-Image-2025-02-26-at-08.18.51-1-300x225.jpeg 300w, https:\/\/www.noticiasmas.com.ar\/wp-content\/uploads\/2025\/02\/WhatsApp-Image-2025-02-26-at-08.18.51-1-768x576.jpeg 768w, https:\/\/www.noticiasmas.com.ar\/wp-content\/uploads\/2025\/02\/WhatsApp-Image-2025-02-26-at-08.18.51-1-1536x1152.jpeg 1536w, https:\/\/www.noticiasmas.com.ar\/wp-content\/uploads\/2025\/02\/WhatsApp-Image-2025-02-26-at-08.18.51-1-2048x1536.jpeg 2048w, https:\/\/www.noticiasmas.com.ar\/wp-content\/uploads\/2025\/02\/WhatsApp-Image-2025-02-26-at-08.18.51-1-150x113.jpeg 150w, https:\/\/www.noticiasmas.com.ar\/wp-content\/uploads\/2025\/02\/WhatsApp-Image-2025-02-26-at-08.18.51-1-696x522.jpeg 696w, https:\/\/www.noticiasmas.com.ar\/wp-content\/uploads\/2025\/02\/WhatsApp-Image-2025-02-26-at-08.18.51-1-1068x801.jpeg 1068w, https:\/\/www.noticiasmas.com.ar\/wp-content\/uploads\/2025\/02\/WhatsApp-Image-2025-02-26-at-08.18.51-1-1920x1440.jpeg 1920w, https:\/\/www.noticiasmas.com.ar\/wp-content\/uploads\/2025\/02\/WhatsApp-Image-2025-02-26-at-08.18.51-1-265x198.jpeg 265w\" sizes=\"auto, (max-width: 1024px) 100vw, 1024px\" \/><\/figure>\n\n\n\n<p><br>\u201cEste es un plan con una inversi\u00f3n muy importante, que tiene que ver con el reordenamiento y reorganizaci\u00f3n de los recursos que se invierten aqu\u00ed, y con la decisi\u00f3n de hacerlo para poder brindar una mejor salud para San Lorenzo y toda la regi\u00f3n\u201d, concluy\u00f3 Pullaro.<br>Participaron del acto la ministra de Salud, Silvia Ciancio; el intendente de San Lorenzo, Leonardo Raimundo; el director provincial de Arquitectura de la cartera sanitaria, Lisandro Vaccaro; y la diputada provincial Silvana Distefano, entre otras autoridades.<\/p>\n\n\n\n<p><br>La ministra de Salud, Silvia Ciancio, indic\u00f3 que \u201cla complejidad y particularidades de este hospital, y de toda esa poblaci\u00f3n de m\u00e1s de 200.000 habitantes que tenemos que atender en esta zona, necesita que el marco jur\u00eddico de este efector no sea m\u00e1s de Samco, porque ha quedado atemporal\u201d; y anunci\u00f3 que \u201cya se inici\u00f3 un expediente para que pase a ser hospital Descentralizado de autogesti\u00f3n\u201d.<br><\/p>\n\n\n\n<p>El director provincial de Arquitectura del Ministerio de Salud precis\u00f3 que los trabajos se ejecutar\u00e1n en una superficie de 645 metros cuadrados, con el objetivo de mejorar los espacios destinados a la atenci\u00f3n de urgencias y emergencias en el efector.<\/p>\n\n\n\n<p><br>La obra, proyectada por personal propio del Ministerio, \u201cse desarrollar\u00e1 en dos etapas que permitir\u00e1n reorganizar la atenci\u00f3n a los usuarios de manera planificada, en conjunto con el personal del hospital\u201d. Adem\u00e1s, detall\u00f3 que las \u00e1reas a intervenir son el ingreso de pacientes ambulatorios, la sala de espera y seguridad, admisi\u00f3n y triage, enfermer\u00eda y consultorios, \u00e1reas de circulaci\u00f3n, ba\u00f1os p\u00fablicos y del personal, office, dormitorios del personal m\u00e9dico, sala de observaci\u00f3n con ba\u00f1os adaptados y enfermer\u00eda, sala de tratamientos y el ingreso de ambulancias para los pacientes no ambulatorios. De esta manera, destac\u00f3, se pondr\u00e1 en valor el \u00fanico efector p\u00fablico del cord\u00f3n industrial con servicios de internaci\u00f3n, tomograf\u00eda, rayos y laboratorio las 24 horas.<\/p>\n\n\n\n<p><\/p>\n","protected":false},"excerpt":{"rendered":"<p>El gobernador santafesino Maximiliano Pullaro anunci\u00f3, en conjunto con el intendente Leonardo Raimundo, una inversi\u00f3n provincial de 250 millones de pesos en el Hospital Granaderos a Caballo de la ciudad de San Lorenzo. La iniciativa consiste en \u201cuna propuesta sanitaria integral, porque no s\u00f3lo tiene que ver con la infraestructura y el sistema de triage, [&hellip;]<\/p>\n","protected":false},"author":9,"featured_media":13201,"comment_status":"closed","ping_status":"open","sticky":false,"template":"","format":"standard","meta":{"tdm_status":"","tdm_grid_status":"","footnotes":""},"categories":[13],"tags":[1166,266,53,58],"class_list":{"0":"post-13198","1":"post","2":"type-post","3":"status-publish","4":"format-standard","5":"has-post-thumbnail","7":"category-region","8":"tag-hospital-granaderos-a-caballo","9":"tag-inversion","10":"tag-salud","11":"tag-san-lorenzo"},"_links":{"self":[{"href":"https:\/\/www.noticiasmas.com.ar\/index.php\/wp-json\/wp\/v2\/posts\/13198","targetHints":{"allow":["GET"]}}],"collection":[{"href":"https:\/\/www.noticiasmas.com.ar\/index.php\/wp-json\/wp\/v2\/posts"}],"about":[{"href":"https:\/\/www.noticiasmas.com.ar\/index.php\/wp-json\/wp\/v2\/types\/post"}],"author":[{"embeddable":true,"href":"https:\/\/www.noticiasmas.com.ar\/index.php\/wp-json\/wp\/v2\/users\/9"}],"replies":[{"embeddable":true,"href":"https:\/\/www.noticiasmas.com.ar\/index.php\/wp-json\/wp\/v2\/comments?post=13198"}],"version-history":[{"count":1,"href":"https:\/\/www.noticiasmas.com.ar\/index.php\/wp-json\/wp\/v2\/posts\/13198\/revisions"}],"predecessor-version":[{"id":13202,"href":"https:\/\/www.noticiasmas.com.ar\/index.php\/wp-json\/wp\/v2\/posts\/13198\/revisions\/13202"}],"wp:featuredmedia":[{"embeddable":true,"href":"https:\/\/www.noticiasmas.com.ar\/index.php\/wp-json\/wp\/v2\/media\/13201"}],"wp:attachment":[{"href":"https:\/\/www.noticiasmas.com.ar\/index.php\/wp-json\/wp\/v2\/media?parent=13198"}],"wp:term":[{"taxonomy":"category","embeddable":true,"href":"https:\/\/www.noticiasmas.com.ar\/index.php\/wp-json\/wp\/v2\/categories?post=13198"},{"taxonomy":"post_tag","embeddable":true,"href":"https:\/\/www.noticiasmas.com.ar\/index.php\/wp-json\/wp\/v2\/tags?post=13198"}],"curies":[{"name":"wp","href":"https:\/\/api.w.org\/{rel}","templated":true}]}}