{"id":13209,"date":"2025-02-26T09:18:23","date_gmt":"2025-02-26T12:18:23","guid":{"rendered":"https:\/\/www.noticiasmas.com.ar\/?p=13209"},"modified":"2025-02-26T09:18:26","modified_gmt":"2025-02-26T12:18:26","slug":"aceiteros-piden-una-audiencia-con-el-gobernador-pullaro-porque-vicentin-podria-no-pagar-el-mes-de-febrero","status":"publish","type":"post","link":"https:\/\/www.noticiasmas.com.ar\/index.php\/2025\/02\/26\/aceiteros-piden-una-audiencia-con-el-gobernador-pullaro-porque-vicentin-podria-no-pagar-el-mes-de-febrero\/","title":{"rendered":"Aceiteros piden una audiencia con el gobernador Pullaro porque Vicentin podr\u00eda no pagar el mes de febrero"},"content":{"rendered":"\n<p>El Sindicato de Obreros y Empleados Aceiteros de San Lorenzo, junto a la Federaci\u00f3n Aceitera de la Rep\u00fablica Argentina, solicit\u00f3 reunirse de forma \u201curgente\u201d con el gobernador Maximiliano Pullaro ante la posibilidad de que Vicentin no abone la totalidad de los sueldos del mes de febrero.<\/p>\n\n\n\n<p>En el marco del rev\u00e9s judicial que sufri\u00f3 la empresa aceitera con la Corte Suprema de Justicia de Santa Fe, la cual fall\u00f3 en contra de la homologaci\u00f3n de la propuesta concursal que hab\u00eda realizado la empresa, el sindicato recibi\u00f3 este lunes a la gerencia de recursos humanos de la firma y recibi\u00f3 estas p\u00e9simas noticias.\u00a0<\/p>\n\n\n\n<p>\u201cDicha situaci\u00f3n, m\u00e1s la apremiante falta de dinero en la caja de la concursada, hace que el d\u00eda lunes se nos inform\u00f3 y ratific\u00f3 que la empresa se encuentra <em>\u201cal borde del abismo\u201d<\/em> y que <em>\u201cNo saben si podr\u00e1n abonar los salarios del mes de febrero\u201d, se\u00f1alaron desde el comunicado firmado por el <\/em>Daniel Succi, Secretario General, en nombre y representaci\u00f3n del Sindicato de Obreros y Empleados Aceiteros del Dpto. San Lorenzo (SOEA), Daniel Yofra, Secretario General de la Federaci\u00f3n de Trabajadores del Complejo Industrial Oleaginoso, Desmotadores de Algod\u00f3n y Afines de la Rep\u00fablica Argentina (FTCIODYARA), y Leandro Monz\u00f3n, Secretario General del Sindicato de Obreros y Empleados Aceiteros y Desmotadores de Algod\u00f3n de los Departamentos General Obligado y San Javier (SOEADA),<\/p>\n\n\n\n<p>\u201cPor tal motivo, y por el tipo de cat\u00e1strofe que puede ocasionar el cierre de la planta, su quiebra u otra situaci\u00f3n negativa, en la zona de San Lorenzo, de Avellaneda y su repercusi\u00f3n directa en la provincia, es que le solicitamos que en <strong>el plazo de 48 hs. nos otorgue una audiencia<\/strong> a fin de abordar la problem\u00e1tica\u201d, solicitaron.<\/p>\n\n\n\n<h2 class=\"wp-block-heading\">Posible conflicto nacional<\/h2>\n\n\n\n<p>Desde el SOEA, durante la jornada del martes, afirmaron que el conflicto escalar\u00e1 a &#8220;nivel nacional&#8221; en caso de no encontrar una soluci\u00f3n y que la empresa no pague los sueldos de febrero en tiempo y forma. &#8220;Ante ese anuncio, que hicieron como si vieran llover, advertimos que si no pagan los salarios de febrero iniciaremos un plan de lucha que paralizar\u00e1 todas las plantas aceiteras del pa\u00eds&#8221;, afirmaron.<\/p>\n\n\n\n<p>&#8220;No permitiremos la p\u00e9rdida de un solo puesto de trabajo de nuestros compa\u00f1eros aceiteros ni aceptaremos un peso menos de nuestro salario. No seremos simples testigos de la liquidaci\u00f3n de la empresa Vicentin, cuyos principales responsables son sus propietarios, empresarios que la llevaron a esta situaci\u00f3n de cuasi quiebra. No permitiremos el desguace de la misma, ni en manos de las multinacionales ni de grupos locales que especulan con su quiebra y liquidaci\u00f3n. En este sentido, denunciamos hoy a Vicentin ante la Secretar\u00eda de Trabajo de la Naci\u00f3n&#8221;, agregaron.<\/p>\n\n\n\n<p>En el mes de enero, el sindicato hab\u00eda afrontando una medida de fuerza debido a que la empresa no hab\u00eda pagado una gratificaci\u00f3n correspondiente al mes de diciembre del 2024.&nbsp;<\/p>\n\n\n\n<p>M\u00e1s atr\u00e1s en el tiempo, a finales del a\u00f1o pasado, la empresa tambi\u00e9n hab\u00eda sostenido que no podr\u00eda pagar los bonos de fin de a\u00f1o, amenazando con inclusive no otorgar cajas navide\u00f1as debido a su situaci\u00f3n de \u201cestr\u00e9s financiero\u201d.&nbsp;<\/p>\n\n\n\n<p>El estado financiero de Vicent\u00edn, actualmente, es una problem\u00e1tica para el sector agroexportador del Cord\u00f3n Industrial, por la existencia de la deuda millonaria, la falta de liquidez y un futuro incierto para m\u00e1s de 1700 trabajadores.<\/p>\n","protected":false},"excerpt":{"rendered":"<p>El Sindicato de Obreros y Empleados Aceiteros de San Lorenzo, junto a la Federaci\u00f3n Aceitera de la Rep\u00fablica Argentina, solicit\u00f3 reunirse de forma \u201curgente\u201d con el gobernador Maximiliano Pullaro ante la posibilidad de que Vicentin no abone la totalidad de los sueldos del mes de febrero. En el marco del rev\u00e9s judicial que sufri\u00f3 la [&hellip;]<\/p>\n","protected":false},"author":9,"featured_media":13210,"comment_status":"closed","ping_status":"open","sticky":false,"template":"","format":"standard","meta":{"tdm_status":"","tdm_grid_status":"","footnotes":""},"categories":[13],"tags":[691,4008,18,54,821],"class_list":{"0":"post-13209","1":"post","2":"type-post","3":"status-publish","4":"format-standard","5":"has-post-thumbnail","7":"category-region","8":"tag-paro","9":"tag-pedido-de-audiencia","10":"tag-santa-fe","11":"tag-soea","12":"tag-vicentin"},"_links":{"self":[{"href":"https:\/\/www.noticiasmas.com.ar\/index.php\/wp-json\/wp\/v2\/posts\/13209","targetHints":{"allow":["GET"]}}],"collection":[{"href":"https:\/\/www.noticiasmas.com.ar\/index.php\/wp-json\/wp\/v2\/posts"}],"about":[{"href":"https:\/\/www.noticiasmas.com.ar\/index.php\/wp-json\/wp\/v2\/types\/post"}],"author":[{"embeddable":true,"href":"https:\/\/www.noticiasmas.com.ar\/index.php\/wp-json\/wp\/v2\/users\/9"}],"replies":[{"embeddable":true,"href":"https:\/\/www.noticiasmas.com.ar\/index.php\/wp-json\/wp\/v2\/comments?post=13209"}],"version-history":[{"count":1,"href":"https:\/\/www.noticiasmas.com.ar\/index.php\/wp-json\/wp\/v2\/posts\/13209\/revisions"}],"predecessor-version":[{"id":13211,"href":"https:\/\/www.noticiasmas.com.ar\/index.php\/wp-json\/wp\/v2\/posts\/13209\/revisions\/13211"}],"wp:featuredmedia":[{"embeddable":true,"href":"https:\/\/www.noticiasmas.com.ar\/index.php\/wp-json\/wp\/v2\/media\/13210"}],"wp:attachment":[{"href":"https:\/\/www.noticiasmas.com.ar\/index.php\/wp-json\/wp\/v2\/media?parent=13209"}],"wp:term":[{"taxonomy":"category","embeddable":true,"href":"https:\/\/www.noticiasmas.com.ar\/index.php\/wp-json\/wp\/v2\/categories?post=13209"},{"taxonomy":"post_tag","embeddable":true,"href":"https:\/\/www.noticiasmas.com.ar\/index.php\/wp-json\/wp\/v2\/tags?post=13209"}],"curies":[{"name":"wp","href":"https:\/\/api.w.org\/{rel}","templated":true}]}}