{"id":13258,"date":"2025-02-28T08:56:21","date_gmt":"2025-02-28T11:56:21","guid":{"rendered":"https:\/\/www.noticiasmas.com.ar\/?p=13258"},"modified":"2025-02-28T08:56:24","modified_gmt":"2025-02-28T11:56:24","slug":"echaron-a-una-funcionario-de-la-agencia-de-discapacidad-por-usar-terminos-como-idiota-e-imbecil-en-una-resolucion","status":"publish","type":"post","link":"https:\/\/www.noticiasmas.com.ar\/index.php\/2025\/02\/28\/echaron-a-una-funcionario-de-la-agencia-de-discapacidad-por-usar-terminos-como-idiota-e-imbecil-en-una-resolucion\/","title":{"rendered":"Echaron a una funcionario de la Agencia de Discapacidad por usar t\u00e9rminos como \u201cidiota e imb\u00e9cil\u201d en una resoluci\u00f3n"},"content":{"rendered":"\n<p>La Agencia Nacional de Discapacidad (ANDIS) despidi\u00f3 a Miriam Am\u00e9ndola, quien iba a asumir como coordinadora de Fiscalizaci\u00f3n M\u00e9dica, luego de la pol\u00e9mica generada por la publicaci\u00f3n de t\u00e9rminos como \u201cidiota\u201d, \u201cimb\u00e9cil\u201d y \u201cd\u00e9bil mental\u201d en el Bolet\u00edn Oficial.<\/p>\n\n\n\n<p>Las instituciones que trabajan con personas con capacidades diferentes cayeron en la cuenta de que la Resoluci\u00f3n 187\/2025 del organismo, publicada el 16 de enero, inclu\u00eda una terminolog\u00eda obsoleta y considerada ofensiva en su Anexo 1.&nbsp;<\/p>\n\n\n\n<p>La misma, calificaba a la persona con determinadas capacidades diferentes como un \u201cidiota\u201d \u201cimb\u00e9cil\u201d y \u201cdebil mental\u201d.<\/p>\n\n\n\n<p>Ante la repercusi\u00f3n, el Gobierno anunci\u00f3 que daba marcha atr\u00e1s con la norma y responsabiliz\u00f3 a Am\u00e9ndola y a su antecesora, Tatiana Alvarado, quien particip\u00f3 en la redacci\u00f3n del documento pero dej\u00f3 el cargo antes de su publicaci\u00f3n.<\/p>\n\n\n\n<p>El actual titular de la ANDIS, Diego Spagnuolo, reconoci\u00f3 la gravedad del hecho e inform\u00f3 que las personas responsables de lo que pas\u00f3 ya fueron desvinculadas, pese a que la Resoluci\u00f3n lleva su firma y por ende es de su responsabilidad.<\/p>\n","protected":false},"excerpt":{"rendered":"<p>La Agencia Nacional de Discapacidad (ANDIS) despidi\u00f3 a Miriam Am\u00e9ndola, quien iba a asumir como coordinadora de Fiscalizaci\u00f3n M\u00e9dica, luego de la pol\u00e9mica generada por la publicaci\u00f3n de t\u00e9rminos como \u201cidiota\u201d, \u201cimb\u00e9cil\u201d y \u201cd\u00e9bil mental\u201d en el Bolet\u00edn Oficial. Las instituciones que trabajan con personas con capacidades diferentes cayeron en la cuenta de que la [&hellip;]<\/p>\n","protected":false},"author":9,"featured_media":13259,"comment_status":"closed","ping_status":"open","sticky":false,"template":"","format":"standard","meta":{"tdm_status":"","tdm_grid_status":"","footnotes":""},"categories":[1],"tags":[4020,2231,4021],"class_list":{"0":"post-13258","1":"post","2":"type-post","3":"status-publish","4":"format-standard","5":"has-post-thumbnail","7":"category-nacionales","8":"tag-agencia-nacional-de-discapacidad","9":"tag-boletin-oficial","10":"tag-resolucion"},"_links":{"self":[{"href":"https:\/\/www.noticiasmas.com.ar\/index.php\/wp-json\/wp\/v2\/posts\/13258","targetHints":{"allow":["GET"]}}],"collection":[{"href":"https:\/\/www.noticiasmas.com.ar\/index.php\/wp-json\/wp\/v2\/posts"}],"about":[{"href":"https:\/\/www.noticiasmas.com.ar\/index.php\/wp-json\/wp\/v2\/types\/post"}],"author":[{"embeddable":true,"href":"https:\/\/www.noticiasmas.com.ar\/index.php\/wp-json\/wp\/v2\/users\/9"}],"replies":[{"embeddable":true,"href":"https:\/\/www.noticiasmas.com.ar\/index.php\/wp-json\/wp\/v2\/comments?post=13258"}],"version-history":[{"count":1,"href":"https:\/\/www.noticiasmas.com.ar\/index.php\/wp-json\/wp\/v2\/posts\/13258\/revisions"}],"predecessor-version":[{"id":13260,"href":"https:\/\/www.noticiasmas.com.ar\/index.php\/wp-json\/wp\/v2\/posts\/13258\/revisions\/13260"}],"wp:featuredmedia":[{"embeddable":true,"href":"https:\/\/www.noticiasmas.com.ar\/index.php\/wp-json\/wp\/v2\/media\/13259"}],"wp:attachment":[{"href":"https:\/\/www.noticiasmas.com.ar\/index.php\/wp-json\/wp\/v2\/media?parent=13258"}],"wp:term":[{"taxonomy":"category","embeddable":true,"href":"https:\/\/www.noticiasmas.com.ar\/index.php\/wp-json\/wp\/v2\/categories?post=13258"},{"taxonomy":"post_tag","embeddable":true,"href":"https:\/\/www.noticiasmas.com.ar\/index.php\/wp-json\/wp\/v2\/tags?post=13258"}],"curies":[{"name":"wp","href":"https:\/\/api.w.org\/{rel}","templated":true}]}}