{"id":13315,"date":"2025-03-03T17:27:47","date_gmt":"2025-03-03T20:27:47","guid":{"rendered":"https:\/\/www.noticiasmas.com.ar\/?p=13315"},"modified":"2025-03-03T17:27:51","modified_gmt":"2025-03-03T20:27:51","slug":"hidrovia-santa-fe-busca-incrementar-su-capacidad-portuaria-para-exportar-y-va-por-cambios-en-la-ley-de-cabotaje","status":"publish","type":"post","link":"https:\/\/www.noticiasmas.com.ar\/index.php\/2025\/03\/03\/hidrovia-santa-fe-busca-incrementar-su-capacidad-portuaria-para-exportar-y-va-por-cambios-en-la-ley-de-cabotaje\/","title":{"rendered":"Hidrov\u00eda: Santa Fe busca incrementar su capacidad portuaria para exportar y va por cambios en la Ley de Cabotaje"},"content":{"rendered":"\n<p>El ministro de Desarrollo Productivo, Gustavo Puccini, encabez\u00f3 un encuentro de trabajo con representantes de los entes portuarios de la provincia, para abordar el rol de Santa Fe en la nueva licitaci\u00f3n de la hidrov\u00eda y modificaciones a la ley que regula el arribo de embarcaciones.<\/p>\n\n\n\n<p>Con el objetivo de incrementar la capacidad exportadora de Santa Fe, el ministro de Desarrollo Productivo, Gustavo Puccini, encabez\u00f3 un encuentro de trabajo con representantes de los entes portuarios de la provincia y el presidente de la Zona Franca, para abordar el rol en la nueva licitaci\u00f3n de la Hidrov\u00eda Paran\u00e1-Paraguay y modificaciones a la Ley de Cabotaje.<\/p>\n\n\n\n<p>\u201cNuestros puertos representan una oportunidad para potenciar el crecimiento y la integraci\u00f3n log\u00edstica de las pymes de nuestro territorio y del resto del pa\u00eds. Estamos trabajando en estrategias que permitan fortalecer nuestra competitividad y sustentabilidad\u201d, afirm\u00f3 Puccini; y ratific\u00f3 la necesidad de modificar la Ley de Cabotaje vigente, ya que \u201cla normativa actual es un obst\u00e1culo para el transporte fluvial y el desarrollo del comercio tanto internacional como de cabotaje\u201d.&nbsp;<\/p>\n\n\n\n<p>Al respecto, indic\u00f3 que \u201cesta gesti\u00f3n, encabezada por el gobernador Maximiliano Pullaro, tiene como prioridad modernizar la ley para incentivar la competencia, reducir los costos log\u00edsticos y mejorar la fluidez en los puertos. Y como frente a cada observaci\u00f3n tenemos una propuesta, presentamos un borrador al Gobierno Nacional para modificar este texto que data de 1944 y que, por lo tanto, requiere una mirada moderna, actualizada y, como siempre sostenemos, federal\u201d.&nbsp;<\/p>\n\n\n\n<p>Adem\u00e1s, se present\u00f3 una evaluaci\u00f3n del plan del Gobierno de Santa Fe para lograr que los puertos santafesinos operen de manera complementaria y coordinada, en un contexto en el que se discute la nueva licitaci\u00f3n de la Hidrov\u00eda; y se abordaron estrategias para mejorar los accesos y optimizar la competitividad del sistema portuario provincial: \u201cQueremos que cada ente desarrolle sus potencialidades en cuanto a servicios, infraestructura, optimizaci\u00f3n de recursos y de costos. Estamos trabajando para elevar los niveles de eficiencia a partir de soluciones innovadoras para que nuestros puertos se conviertan en la plataforma log\u00edstica m\u00e1s importante que tenga Argentina para su desarrollo\u201d, enfatiz\u00f3 el ministro de la cartera productiva.<\/p>\n\n\n\n<p>Participaron del encuentro los presidentes de Enapro, Graciela Alabarce; del Puerto de Santa Fe, Daniel Cura; del Ente Puerto Reconquista, Juan L\u00f3pez Candiotti; del Puerto Villa Constituci\u00f3n, Hern\u00e1n Salemi; y de la Zona Franca Santafesina, Mauro Gisbert; los secretarios de Industria, Guillermo Beccani; Transporte y Log\u00edstica, M\u00f3nica Alvarado; y Comercio Exterior, Georgina Losada; el subsecretario de Transporte, Jorge Henn; el director de Infraestructura Portuaria, Santiago Carloni, y el gerente de Infraestructura y Desarrollo del Enapro, Mat\u00edas Palma. Los presentes mantuvieron una reuni\u00f3n con el economista y especialista en infraestructura portuaria y sustentabilidad, Ricardo S\u00e1nchez.&nbsp;<\/p>\n\n\n\n<p><strong>Modificaciones a la Ley de Cabotaje<\/strong><\/p>\n\n\n\n<p>Con el objetivo de desregular el sector de navegaci\u00f3n y comercio, la propuesta de modificaci\u00f3n del Decreto-Ley 19.492\/44 incluye que las embarcaciones de bandera argentina y extranjera realicen navegaci\u00f3n entre puertos nacionales bajo ciertas condiciones; aprovechar el tr\u00e1fico proveniente de Paraguay, Bolivia y Brasil para el desarrollo de los puertos de la hidrov\u00eda sin inversiones adicionales; introducir permisos temporales renovables para buques extranjeros, entre otros puntos que impactar\u00edan positivamente en el empleo local y en la industria naval argentina. \u201cEstas modificaciones incluyen una perspectiva favorable para puertos de bajo calado como los de Santa Fe\u201d, agregaron autoridades provinciales.&nbsp;<\/p>\n\n\n\n<p><strong>Hidrov\u00eda<\/strong><\/p>\n\n\n\n<p>El encuentro se llev\u00f3 a cabo luego de la reuni\u00f3n que el ministro Puccini mantuvo con el director ejecutivo de la Agencia Nacional de Puertos y Navegaci\u00f3n, I\u00f1aki Arreseygor, la semana pasada, luego de que se declarara nula la licitaci\u00f3n de la Hidrov\u00eda Paran\u00e1-Paraguay. En la oportunidad, el funcionario santafesino solicit\u00f3 que las provincias que integran las regiones Centro y Litoral.<\/p>\n\n\n\n<p>Adem\u00e1s, esta semana Puccini se reuni\u00f3 con autoridades de la Universidad Nacional del Litoral (UNL) para trabajar coordinadamente. \u201cEsta cooperaci\u00f3n Gobierno-Universidad permite aprovechar el conocimiento acad\u00e9mico y la innovaci\u00f3n tecnol\u00f3gica para desarrollar proyectos que promuevan la sostenibilidad ambiental, la eficiencia log\u00edstica y el crecimiento econ\u00f3mico. Adem\u00e1s, la investigaci\u00f3n acad\u00e9mica puede proporcionar datos valiosos y soluciones innovadoras para mejorar la infraestructura y la gesti\u00f3n de la Hidrov\u00eda\u201d, concluy\u00f3 el titular de Desarrollo Productivo<\/p>\n","protected":false},"excerpt":{"rendered":"<p>El ministro de Desarrollo Productivo, Gustavo Puccini, encabez\u00f3 un encuentro de trabajo con representantes de los entes portuarios de la provincia, para abordar el rol de Santa Fe en la nueva licitaci\u00f3n de la hidrov\u00eda y modificaciones a la ley que regula el arribo de embarcaciones. Con el objetivo de incrementar la capacidad exportadora de [&hellip;]<\/p>\n","protected":false},"author":3,"featured_media":11348,"comment_status":"closed","ping_status":"open","sticky":false,"template":"","format":"standard","meta":{"tdm_status":"","tdm_grid_status":"","footnotes":""},"categories":[14],"tags":[62,4040,1031,18],"class_list":{"0":"post-13315","1":"post","2":"type-post","3":"status-publish","4":"format-standard","5":"has-post-thumbnail","7":"category-provinciales","8":"tag-hidrovia","9":"tag-ley-de-cabotaje","10":"tag-puertos","11":"tag-santa-fe"},"_links":{"self":[{"href":"https:\/\/www.noticiasmas.com.ar\/index.php\/wp-json\/wp\/v2\/posts\/13315","targetHints":{"allow":["GET"]}}],"collection":[{"href":"https:\/\/www.noticiasmas.com.ar\/index.php\/wp-json\/wp\/v2\/posts"}],"about":[{"href":"https:\/\/www.noticiasmas.com.ar\/index.php\/wp-json\/wp\/v2\/types\/post"}],"author":[{"embeddable":true,"href":"https:\/\/www.noticiasmas.com.ar\/index.php\/wp-json\/wp\/v2\/users\/3"}],"replies":[{"embeddable":true,"href":"https:\/\/www.noticiasmas.com.ar\/index.php\/wp-json\/wp\/v2\/comments?post=13315"}],"version-history":[{"count":1,"href":"https:\/\/www.noticiasmas.com.ar\/index.php\/wp-json\/wp\/v2\/posts\/13315\/revisions"}],"predecessor-version":[{"id":13316,"href":"https:\/\/www.noticiasmas.com.ar\/index.php\/wp-json\/wp\/v2\/posts\/13315\/revisions\/13316"}],"wp:featuredmedia":[{"embeddable":true,"href":"https:\/\/www.noticiasmas.com.ar\/index.php\/wp-json\/wp\/v2\/media\/11348"}],"wp:attachment":[{"href":"https:\/\/www.noticiasmas.com.ar\/index.php\/wp-json\/wp\/v2\/media?parent=13315"}],"wp:term":[{"taxonomy":"category","embeddable":true,"href":"https:\/\/www.noticiasmas.com.ar\/index.php\/wp-json\/wp\/v2\/categories?post=13315"},{"taxonomy":"post_tag","embeddable":true,"href":"https:\/\/www.noticiasmas.com.ar\/index.php\/wp-json\/wp\/v2\/tags?post=13315"}],"curies":[{"name":"wp","href":"https:\/\/api.w.org\/{rel}","templated":true}]}}