{"id":13353,"date":"2025-03-06T10:51:04","date_gmt":"2025-03-06T13:51:04","guid":{"rendered":"https:\/\/www.noticiasmas.com.ar\/?p=13353"},"modified":"2025-03-06T10:51:08","modified_gmt":"2025-03-06T13:51:08","slug":"museo-del-rio-parana-un-espacio-unico-dedicado-a-rescatar-y-apreciar-todo-el-patrimonio-de-nuestro-rio","status":"publish","type":"post","link":"https:\/\/www.noticiasmas.com.ar\/index.php\/2025\/03\/06\/museo-del-rio-parana-un-espacio-unico-dedicado-a-rescatar-y-apreciar-todo-el-patrimonio-de-nuestro-rio\/","title":{"rendered":"MUSEO DEL R\u00cdO PARAN\u00c1:\u00a0UN\u00a0ESPACIO \u00daNICO DEDICADO A RESCATAR Y APRECIAR TODO EL PATRIMONIO DE NUESTRO R\u00cdO"},"content":{"rendered":"\n<p>El &#8220;Museo Hist\u00f3rico y Geogr\u00e1fico del R\u00edo Paran\u00e1\u201d ubicado en el Centro Cultural Municipal \u201cBatalla Punta Quebracho\u201d, junto con el Teatro Municipal, La Galer\u00eda de Arte Contempor\u00e1neo \u201cAfluente\u201d, es un referente de la cultura litorale\u00f1a que est\u00e1 destinado a ser\u00a0 un puente entre la historia, el presente y el futuro para conocer todo el valor que representa nuestro r\u00edo y las infinitas posibilidades que nos ofrece.<\/p>\n\n\n\n<p>Un museo municipal moderno, tecnol\u00f3gico, que no solo invita a conocer en profundidad todo el universo que rodea a nuestro Rio Paran\u00e1, sino tambi\u00e9n a disfrutar de la agenda de actividades, talleres, seminarios y conversatorios que se desarrollan durante todo el a\u00f1o, siempre de manera gratuita.<\/p>\n\n\n\n<p>En sus diversas salas, el museo ofrece una experiencia educativa sobre el r\u00edo Paran\u00e1, su formaci\u00f3n geomorfol\u00f3gica, las especies de megafauna que habitaron la regi\u00f3n, sus principales afluentes, as\u00ed como la flora y fauna que habitan sus distintos tramos.<\/p>\n\n\n\n<p>El museo tambi\u00e9n nos relata la historia del r\u00edo desde sus or\u00edgenes, pasando por la llegada de los europeos, y rememora los eventos m\u00e1s significativos ocurridos en sus aguas, destacando especialmente la Guerra del Paran\u00e1 y la Batalla de Punta Quebracho, acontecida en las costas de Puerto General San Mart\u00edn el 4 de junio de 1846, un hecho hist\u00f3rico que la memoria nacional reconoce cada vez m\u00e1s como un pilar de la soberan\u00eda argentina.<\/p>\n\n\n\n<p>El Laboratorio del Museo<\/p>\n\n\n\n<p>El Museo del R\u00edo Paran\u00e1, cuenta con un \u00e1rea de laboratorio dedicada al tratamiento y preservaci\u00f3n del patrimonio paleontol\u00f3gico. Dicho espacio no s\u00f3lo est\u00e1 abierto a la comunidad en general a trav\u00e9s de sus actividades de difusi\u00f3n, sino que tambi\u00e9n es un espacio para la ciencia en el que actualmente se desarrollan trabajos en conjunto de sus especialistas con cient\u00edficos de CONICET. Vale destacar que la instituci\u00f3n realiza constantemente actividades educativas apuntadas al p\u00fablico en general en materia de limpieza de restos f\u00f3siles, conservaci\u00f3n y registro documental de los mismos.<\/p>\n\n\n\n<p>El museo ya tiene una importante agenda para este 2025 que contempla exposiciones temporales, talleres y capacitaciones en conjunto con la comunidad y que ser\u00e1n comunicadas paulatinamente. Como evento a destacar en los pr\u00f3ximos meses, el museo est\u00e1 en pleno desarrollo de una exposici\u00f3n temporal sobre el artista Ra\u00fal Dom\u00ednguez, tambi\u00e9n conocido como \u201cel Pintor de las Islas\u201d.<\/p>\n\n\n\n<p>A mediados de enero de este a\u00f1o , el espacio cultural denominado \u00abMuseo del Paran\u00e1 y las Islas\u00bb, fundado por el reconocido artista, cerr\u00f3 sus puertas debido a la finalizaci\u00f3n de la concesi\u00f3n, por decisi\u00f3n del Enapro, responsables de la Estaci\u00f3n Fluvial de Rosario. Esta situaci\u00f3n oblig\u00f3 al retiro no s\u00f3lo de las obras que formaban parte de la exposici\u00f3n, sino tambi\u00e9n de muchos objetos que integraban el patrimonio del espacio cultural.<\/p>\n\n\n\n<p>En respuesta a esta circunstancia, el Museo del R\u00edo Paran\u00e1 de Puerto General San Mart\u00edn inici\u00f3 gestiones junto a Gabriela Ciani, nieta del artista y responsable de una parte fundamental del acervo cultural del mismo, con el objetivo de ofrecer un nuevo espacio donde estas obras puedan se exhibidas, preservando el legado cultural y revalorizando la importancia de su obra.<\/p>\n\n\n\n<p>Dom\u00ednguez retrata a trav\u00e9s de sus pinturas, los humedales del r\u00edo Paran\u00e1, las costumbres de sus habitantes, tanto actuales como de los pueblos originarios, as\u00ed como su flora, fauna, mitos e historia.<\/p>\n\n\n\n<p>Entre las 13 obras que llegaron al museo se encuentra \u00abEl Ocaso\u00bb, una impresionante pintura de gran formato que retrata el rancho isle\u00f1o situado en la zona del Charigu\u00e9, lugar donde Dom\u00ednguez pas\u00f3 gran parte de su vida, observando y plasmando paisajes. Adem\u00e1s de&nbsp; la muestra se programan&nbsp; actividades para conocer m\u00e1s sobre su legado con un claro foco en materia educativa.<\/p>\n\n\n\n<p>A m\u00e1s de dos a\u00f1os y medio de su apertura, el 4 de junio de 2022, en el marco de la conmemoraci\u00f3n del 176\u00b0 aniversario de la \u201cBatalla de Punta Quebracho\u201d, miles de estudiantes, grupos y visitantes pasan a conocer este espacio gratuito que se suma a la oferta tur\u00edstica de Puerto.<\/p>\n\n\n\n<p>Este, es un museo abierto y gratuito para todos los que deseen disfrutar de un espacio que cuenta, adem\u00e1s, con una sala llamada \u201cDonde nace la Patria\u201d, que alberga un relato hist\u00f3rico de la Provincia de Santa Fe, y una secci\u00f3n llamada \u201cLas chicas van al frente\u201d que destaca el papel de las mujeres en la lucha por la independencia, tal como Manuela Pedraza, Petrona Simounin, Mar\u00eda Remedios del Valle, Mariquita S\u00e1nchez de Thompson, Juana Azurduy, Mar\u00eda Catalina Echeverr\u00eda, Mar\u00eda Remedios de Escalada, Macacha G\u00fcemes.<\/p>\n\n\n\n<p>Los r\u00edos han sido fundamentales para el desarrollo de las civilizaciones y la formaci\u00f3n de poblados, y Puerto General San Mart\u00edn no es la excepci\u00f3n, su fundador Guillermo Kirk aprovech\u00f3 las bondades del Paran\u00e1 para construir un embarcadero y comenzar con la actividad exportadora. Como su nombre lo indica, desde sus or\u00edgenes la ciudad asumi\u00f3 dicho rol convirti\u00e9ndose en un puerto exportador indispensable para el desarrollo de la regi\u00f3n<\/p>\n\n\n\n<p>La gesti\u00f3n del intendente Carlos De Grandis marc\u00f3, desde su inicio al frente del ejecutivo municipal, la firme decisi\u00f3n de poner en valor la historia y el acervo cultural de Puerto General San Mart\u00edn.<\/p>\n\n\n\n<p>El Museo del R\u00edo Paran\u00e1 abre de martes a viernes, por la ma\u00f1ana de 9:00 a 13:00hs y por la tarde de 14:00 a 18:00hs. Los d\u00edas s\u00e1bados, el horario de atenci\u00f3n es de 16:00 a 19:00hs.<\/p>\n\n\n\n<p>El Museo ofrece visitas mediadas a grupos o instituciones educativas con turnos exclusivos. Para realizar reservas o consultas, es necesario comunicarse a trav\u00e9s de WhatsApp al 3414024963. &#8211; En redes: museodelrioparana<\/p>\n","protected":false},"excerpt":{"rendered":"<p>El &#8220;Museo Hist\u00f3rico y Geogr\u00e1fico del R\u00edo Paran\u00e1\u201d ubicado en el Centro Cultural Municipal \u201cBatalla Punta Quebracho\u201d, junto con el Teatro Municipal, La Galer\u00eda de Arte Contempor\u00e1neo \u201cAfluente\u201d, es un referente de la cultura litorale\u00f1a que est\u00e1 destinado a ser\u00a0 un puente entre la historia, el presente y el futuro para conocer todo el valor [&hellip;]<\/p>\n","protected":false},"author":5,"featured_media":13354,"comment_status":"closed","ping_status":"open","sticky":false,"template":"","format":"standard","meta":{"tdm_status":"","tdm_grid_status":"","footnotes":""},"categories":[13],"tags":[3839,1919,52,2564],"class_list":{"0":"post-13353","1":"post","2":"type-post","3":"status-publish","4":"format-standard","5":"has-post-thumbnail","7":"category-region","8":"tag-centro-cultural","9":"tag-museo-del-rio-parana","10":"tag-puerto-san-martin","11":"tag-teatro-municipal"},"_links":{"self":[{"href":"https:\/\/www.noticiasmas.com.ar\/index.php\/wp-json\/wp\/v2\/posts\/13353","targetHints":{"allow":["GET"]}}],"collection":[{"href":"https:\/\/www.noticiasmas.com.ar\/index.php\/wp-json\/wp\/v2\/posts"}],"about":[{"href":"https:\/\/www.noticiasmas.com.ar\/index.php\/wp-json\/wp\/v2\/types\/post"}],"author":[{"embeddable":true,"href":"https:\/\/www.noticiasmas.com.ar\/index.php\/wp-json\/wp\/v2\/users\/5"}],"replies":[{"embeddable":true,"href":"https:\/\/www.noticiasmas.com.ar\/index.php\/wp-json\/wp\/v2\/comments?post=13353"}],"version-history":[{"count":1,"href":"https:\/\/www.noticiasmas.com.ar\/index.php\/wp-json\/wp\/v2\/posts\/13353\/revisions"}],"predecessor-version":[{"id":13355,"href":"https:\/\/www.noticiasmas.com.ar\/index.php\/wp-json\/wp\/v2\/posts\/13353\/revisions\/13355"}],"wp:featuredmedia":[{"embeddable":true,"href":"https:\/\/www.noticiasmas.com.ar\/index.php\/wp-json\/wp\/v2\/media\/13354"}],"wp:attachment":[{"href":"https:\/\/www.noticiasmas.com.ar\/index.php\/wp-json\/wp\/v2\/media?parent=13353"}],"wp:term":[{"taxonomy":"category","embeddable":true,"href":"https:\/\/www.noticiasmas.com.ar\/index.php\/wp-json\/wp\/v2\/categories?post=13353"},{"taxonomy":"post_tag","embeddable":true,"href":"https:\/\/www.noticiasmas.com.ar\/index.php\/wp-json\/wp\/v2\/tags?post=13353"}],"curies":[{"name":"wp","href":"https:\/\/api.w.org\/{rel}","templated":true}]}}