{"id":13356,"date":"2025-03-06T10:53:19","date_gmt":"2025-03-06T13:53:19","guid":{"rendered":"https:\/\/www.noticiasmas.com.ar\/?p=13356"},"modified":"2025-03-06T10:53:22","modified_gmt":"2025-03-06T13:53:22","slug":"tras-una-semana-de-altisimas-temperaturas-llegaria-el-frio","status":"publish","type":"post","link":"https:\/\/www.noticiasmas.com.ar\/index.php\/2025\/03\/06\/tras-una-semana-de-altisimas-temperaturas-llegaria-el-frio\/","title":{"rendered":"Tras una semana de alt\u00edsimas temperaturas llegar\u00eda el fr\u00edo"},"content":{"rendered":"\n<p>Luego de una semana corta en duraci\u00f3n pero sumamente intensa en cuanto a las condiciones clim\u00e1ticas que la caracterizan actualmente, desde el Centro de Monitoreo Meteorol\u00f3gico y Clim\u00e1tico de Granadero Baigorria esperan un frente fr\u00edo que, tras una serie de lluvias el fin de semana, refresque el aire de la regi\u00f3n.<\/p>\n\n\n\n<p>Este mi\u00e9rcoles la sensaci\u00f3n t\u00e9rmica sobrepas\u00f3 los 44\u00b0C, mientras que para este jueves se espera algo similar. Ma\u00f1ana viernes el calor tambi\u00e9n se har\u00e1 sentir con altas temperaturas, pero por la noche y la madrugada del s\u00e1bado algunas tormentas podr\u00edan ser el inicio de un cierre a esta ola.&nbsp;<\/p>\n\n\n\n<p>\u201cLuego de este prolongado per\u00edodo de calor y humedad, se prev\u00e9 un cambio dr\u00e1stico en la circulaci\u00f3n atmosf\u00e9rica durante el fin de semana. Un intenso frente fr\u00edo de origen polar mar\u00edtimo ingresar\u00e1 en la regi\u00f3n central de Argentina entre la noche del viernes y la madrugada del s\u00e1bado, generando precipitaciones y tormentas de variada intensidad a medida que interact\u00fae con la masa de aire tropical mar\u00edtimo dominante en la zona\u201d, se\u00f1alaron desde el CMMC baigorriense.<\/p>\n\n\n\n<p>De este modo, el clima podr\u00eda traer lluvias, tormentas, vientos fuertes y hasta posible ca\u00edda de granizo en la noche del viernes y madrugada del s\u00e1bado. Luego, finalmente, el calor ir\u00eda abandonando esta regi\u00f3n ya con el cierre del verano cada vez m\u00e1s pr\u00f3ximo en el calendario.<\/p>\n\n\n\n<p>Lo que s\u00ed queda claro es que las temperaturas en las pr\u00f3ximas 48 horas no se apaciguar\u00e1n y continuar\u00e1n siendo sumamente altas y calurosas.&nbsp;<\/p>\n","protected":false},"excerpt":{"rendered":"<p>Luego de una semana corta en duraci\u00f3n pero sumamente intensa en cuanto a las condiciones clim\u00e1ticas que la caracterizan actualmente, desde el Centro de Monitoreo Meteorol\u00f3gico y Clim\u00e1tico de Granadero Baigorria esperan un frente fr\u00edo que, tras una serie de lluvias el fin de semana, refresque el aire de la regi\u00f3n. Este mi\u00e9rcoles la sensaci\u00f3n [&hellip;]<\/p>\n","protected":false},"author":9,"featured_media":13357,"comment_status":"closed","ping_status":"open","sticky":false,"template":"","format":"standard","meta":{"tdm_status":"","tdm_grid_status":"","footnotes":""},"categories":[13],"tags":[1447,178,906],"class_list":{"0":"post-13356","1":"post","2":"type-post","3":"status-publish","4":"format-standard","5":"has-post-thumbnail","7":"category-region","8":"tag-altas-temperaturas","9":"tag-calor","10":"tag-cmmc"},"_links":{"self":[{"href":"https:\/\/www.noticiasmas.com.ar\/index.php\/wp-json\/wp\/v2\/posts\/13356","targetHints":{"allow":["GET"]}}],"collection":[{"href":"https:\/\/www.noticiasmas.com.ar\/index.php\/wp-json\/wp\/v2\/posts"}],"about":[{"href":"https:\/\/www.noticiasmas.com.ar\/index.php\/wp-json\/wp\/v2\/types\/post"}],"author":[{"embeddable":true,"href":"https:\/\/www.noticiasmas.com.ar\/index.php\/wp-json\/wp\/v2\/users\/9"}],"replies":[{"embeddable":true,"href":"https:\/\/www.noticiasmas.com.ar\/index.php\/wp-json\/wp\/v2\/comments?post=13356"}],"version-history":[{"count":1,"href":"https:\/\/www.noticiasmas.com.ar\/index.php\/wp-json\/wp\/v2\/posts\/13356\/revisions"}],"predecessor-version":[{"id":13358,"href":"https:\/\/www.noticiasmas.com.ar\/index.php\/wp-json\/wp\/v2\/posts\/13356\/revisions\/13358"}],"wp:featuredmedia":[{"embeddable":true,"href":"https:\/\/www.noticiasmas.com.ar\/index.php\/wp-json\/wp\/v2\/media\/13357"}],"wp:attachment":[{"href":"https:\/\/www.noticiasmas.com.ar\/index.php\/wp-json\/wp\/v2\/media?parent=13356"}],"wp:term":[{"taxonomy":"category","embeddable":true,"href":"https:\/\/www.noticiasmas.com.ar\/index.php\/wp-json\/wp\/v2\/categories?post=13356"},{"taxonomy":"post_tag","embeddable":true,"href":"https:\/\/www.noticiasmas.com.ar\/index.php\/wp-json\/wp\/v2\/tags?post=13356"}],"curies":[{"name":"wp","href":"https:\/\/api.w.org\/{rel}","templated":true}]}}