{"id":1338,"date":"2023-12-14T15:14:20","date_gmt":"2023-12-14T18:14:20","guid":{"rendered":"https:\/\/www.noticiasmas.com.ar\/?p=1338"},"modified":"2023-12-14T15:14:21","modified_gmt":"2023-12-14T18:14:21","slug":"aumentan-un-150-las-horas-extras-de-la-policia-de-santa-fe","status":"publish","type":"post","link":"https:\/\/www.noticiasmas.com.ar\/index.php\/2023\/12\/14\/aumentan-un-150-las-horas-extras-de-la-policia-de-santa-fe\/","title":{"rendered":"Aumentan un 150% las horas extras de la Polic\u00eda de Santa Fe"},"content":{"rendered":"\n<p> <p class=\"MsoNormal\"><span style=\"background-color: rgb(255, 255, 255); color: initial;\"> <\/span><\/p><p class=\"MsoNormal\"><span style=\"background-color: rgb(255, 255, 255); color: initial;\">El Ministerio de Seguridad de Santa Fe avanz\u00f3 este mi\u00e9rcoles una nueva disposici\u00f3n que afecta a la Polic\u00eda de Santa Fe. Tras suspender las licencias y la actividad administrativa para reforzar el patrullaje, el gobierno de Pullaro estableci\u00f3 un incremento en los valores de las horas \u00d3rdenes de Servicio Extraordinario de Seguridad y Prevenci\u00f3n (Osesp) y en las horas extra que realice el personal del Servicio Penitenciario.<\/span><\/p><p class=\"MsoNormal\">De esta manera, las horas ordinarias diurnas pasar\u00e1n de 612 pesos a 2.400 y las horas extraordinarias nocturnas de 734,4 pesos a 2.700. El aumento representa un 150 por ciento de incremento respecto de lo que se estaba pagando y depende de la antig\u00fcedad de cada agente.<\/p><p class=\"MsoNormal\"><\/p><p class=\"MsoNormal\">Por otra parte, el monto para el personal abocado a tareas de manejo y coordinaci\u00f3n pasar\u00e1 de percibir 673 pesos por hora ordinaria diurna a 2.600. Y la hora extraordinaria nocturna se ir\u00e1 de 807,6 pesos a 2.900.<\/p><p class=\"MsoNormal\"><\/p><p class=\"MsoNormal\">A\u00fan resta conocerse cu\u00e1ndo entrar\u00e1 en vigencia la resoluci\u00f3n, aunque se estima que ser\u00e1 lo m\u00e1s pronto posible.<\/p> <\/p>\n","protected":false},"excerpt":{"rendered":"<p>El Ministerio de Seguridad de Santa Fe avanz\u00f3 este mi\u00e9rcoles una nueva disposici\u00f3n que afecta a la Polic\u00eda de Santa Fe. Tras suspender las licencias y la actividad administrativa para reforzar el patrullaje, el gobierno de Pullaro estableci\u00f3 un incremento en los valores de las horas \u00d3rdenes de Servicio Extraordinario de Seguridad y Prevenci\u00f3n (Osesp) [&hellip;]<\/p>\n","protected":false},"author":9,"featured_media":1341,"comment_status":"closed","ping_status":"open","sticky":false,"template":"","format":"standard","meta":{"tdm_status":"","tdm_grid_status":"","footnotes":""},"categories":[9],"tags":[510,63,177,91],"class_list":{"0":"post-1338","1":"post","2":"type-post","3":"status-publish","4":"format-standard","5":"has-post-thumbnail","7":"category-policiales","8":"tag-horas-extra","9":"tag-maximiliano-pullaro","10":"tag-policia","11":"tag-seguridad"},"_links":{"self":[{"href":"https:\/\/www.noticiasmas.com.ar\/index.php\/wp-json\/wp\/v2\/posts\/1338","targetHints":{"allow":["GET"]}}],"collection":[{"href":"https:\/\/www.noticiasmas.com.ar\/index.php\/wp-json\/wp\/v2\/posts"}],"about":[{"href":"https:\/\/www.noticiasmas.com.ar\/index.php\/wp-json\/wp\/v2\/types\/post"}],"author":[{"embeddable":true,"href":"https:\/\/www.noticiasmas.com.ar\/index.php\/wp-json\/wp\/v2\/users\/9"}],"replies":[{"embeddable":true,"href":"https:\/\/www.noticiasmas.com.ar\/index.php\/wp-json\/wp\/v2\/comments?post=1338"}],"version-history":[{"count":1,"href":"https:\/\/www.noticiasmas.com.ar\/index.php\/wp-json\/wp\/v2\/posts\/1338\/revisions"}],"predecessor-version":[{"id":1342,"href":"https:\/\/www.noticiasmas.com.ar\/index.php\/wp-json\/wp\/v2\/posts\/1338\/revisions\/1342"}],"wp:featuredmedia":[{"embeddable":true,"href":"https:\/\/www.noticiasmas.com.ar\/index.php\/wp-json\/wp\/v2\/media\/1341"}],"wp:attachment":[{"href":"https:\/\/www.noticiasmas.com.ar\/index.php\/wp-json\/wp\/v2\/media?parent=1338"}],"wp:term":[{"taxonomy":"category","embeddable":true,"href":"https:\/\/www.noticiasmas.com.ar\/index.php\/wp-json\/wp\/v2\/categories?post=1338"},{"taxonomy":"post_tag","embeddable":true,"href":"https:\/\/www.noticiasmas.com.ar\/index.php\/wp-json\/wp\/v2\/tags?post=1338"}],"curies":[{"name":"wp","href":"https:\/\/api.w.org\/{rel}","templated":true}]}}