{"id":13405,"date":"2025-03-07T11:07:50","date_gmt":"2025-03-07T14:07:50","guid":{"rendered":"https:\/\/www.noticiasmas.com.ar\/?p=13405"},"modified":"2025-03-07T11:07:53","modified_gmt":"2025-03-07T14:07:53","slug":"comienza-la-liga-nacional-de-futsal-argentina-sin-presencia-de-equipos-de-santa-fe","status":"publish","type":"post","link":"https:\/\/www.noticiasmas.com.ar\/index.php\/2025\/03\/07\/comienza-la-liga-nacional-de-futsal-argentina-sin-presencia-de-equipos-de-santa-fe\/","title":{"rendered":"Comienza la Liga Nacional de Futsal Argentina sin presencia de equipos de Santa Fe"},"content":{"rendered":"\n<p>La Asociaci\u00f3n del F\u00fatbol Argentino dio a conocer los dos grupos de la edici\u00f3n 2025 de la Liga Nacional de Futsal Argentina, el cual por primera vez no tendr\u00e1 a equipos santafesinos.&nbsp;<\/p>\n\n\n\n<p>Esta estructura, que busca dar protagonismo y roce de los equipos del \u00e1rea metropolitana de Buenos Aires con los del resto del interior del pa\u00eds, tendr\u00e1 un formato reducido esta edici\u00f3n y que hace que solamente se crucen equipos de la Capital Federal con cuatro clubes patag\u00f3nicos.&nbsp;<\/p>\n\n\n\n<p>En el grupo A, estar\u00e1 el bicampe\u00f3n del certamen, Barracas Central, con Pinocho, otro equipo tradicional y potencia de esta disciplina, con Opci\u00f3n Joven y Camioneros, ambos de la ciudad de R\u00edo Grande de Tierra del Fuego.<\/p>\n\n\n\n<p>Otros dos equipos patag\u00f3nicos integrar\u00e1n la zona B: Arborada de Bariloche y ADEFE de R\u00edo Grande jugar\u00e1n junto a 17 de Agosto y Franja de Oro, estos dos de la capital del pa\u00eds.<\/p>\n\n\n\n<p>Regatas, Jockey, N\u00e1utico Avellaneda, Uni\u00f3n Sionista y Central son los equipos de la Asociaci\u00f3n Rosarina de F\u00fatbol que disputaron este certamen, el cual en principio se postulaba como un torneo donde se acercar\u00edan los equipos del interior con los que disputan el sistema de AFA, ultra reducido al Gran Buenos Aires.&nbsp;<\/p>\n\n\n\n<p>Esta edici\u00f3n 2025 tendr\u00e1 lugar en la Ciudad de Buenos Aires, defini\u00e9ndose todo el certamen en la semana del 9 al 15 de marzo.<\/p>\n","protected":false},"excerpt":{"rendered":"<p>La Asociaci\u00f3n del F\u00fatbol Argentino dio a conocer los dos grupos de la edici\u00f3n 2025 de la Liga Nacional de Futsal Argentina, el cual por primera vez no tendr\u00e1 a equipos santafesinos.&nbsp; Esta estructura, que busca dar protagonismo y roce de los equipos del \u00e1rea metropolitana de Buenos Aires con los del resto del interior [&hellip;]<\/p>\n","protected":false},"author":9,"featured_media":13406,"comment_status":"closed","ping_status":"open","sticky":false,"template":"","format":"standard","meta":{"tdm_status":"","tdm_grid_status":"","footnotes":""},"categories":[10],"tags":[3131,1448],"class_list":{"0":"post-13405","1":"post","2":"type-post","3":"status-publish","4":"format-standard","5":"has-post-thumbnail","7":"category-deportes","8":"tag-futsal","9":"tag-liga-argentina"},"_links":{"self":[{"href":"https:\/\/www.noticiasmas.com.ar\/index.php\/wp-json\/wp\/v2\/posts\/13405","targetHints":{"allow":["GET"]}}],"collection":[{"href":"https:\/\/www.noticiasmas.com.ar\/index.php\/wp-json\/wp\/v2\/posts"}],"about":[{"href":"https:\/\/www.noticiasmas.com.ar\/index.php\/wp-json\/wp\/v2\/types\/post"}],"author":[{"embeddable":true,"href":"https:\/\/www.noticiasmas.com.ar\/index.php\/wp-json\/wp\/v2\/users\/9"}],"replies":[{"embeddable":true,"href":"https:\/\/www.noticiasmas.com.ar\/index.php\/wp-json\/wp\/v2\/comments?post=13405"}],"version-history":[{"count":1,"href":"https:\/\/www.noticiasmas.com.ar\/index.php\/wp-json\/wp\/v2\/posts\/13405\/revisions"}],"predecessor-version":[{"id":13407,"href":"https:\/\/www.noticiasmas.com.ar\/index.php\/wp-json\/wp\/v2\/posts\/13405\/revisions\/13407"}],"wp:featuredmedia":[{"embeddable":true,"href":"https:\/\/www.noticiasmas.com.ar\/index.php\/wp-json\/wp\/v2\/media\/13406"}],"wp:attachment":[{"href":"https:\/\/www.noticiasmas.com.ar\/index.php\/wp-json\/wp\/v2\/media?parent=13405"}],"wp:term":[{"taxonomy":"category","embeddable":true,"href":"https:\/\/www.noticiasmas.com.ar\/index.php\/wp-json\/wp\/v2\/categories?post=13405"},{"taxonomy":"post_tag","embeddable":true,"href":"https:\/\/www.noticiasmas.com.ar\/index.php\/wp-json\/wp\/v2\/tags?post=13405"}],"curies":[{"name":"wp","href":"https:\/\/api.w.org\/{rel}","templated":true}]}}