{"id":13453,"date":"2025-03-10T12:03:20","date_gmt":"2025-03-10T15:03:20","guid":{"rendered":"https:\/\/www.noticiasmas.com.ar\/?p=13453"},"modified":"2025-03-10T12:03:23","modified_gmt":"2025-03-10T15:03:23","slug":"la-mitad-de-las-empresas-pymes-aseguran-que-necesitan-vender-mas","status":"publish","type":"post","link":"https:\/\/www.noticiasmas.com.ar\/index.php\/2025\/03\/10\/la-mitad-de-las-empresas-pymes-aseguran-que-necesitan-vender-mas\/","title":{"rendered":"La mitad de las empresas pymes aseguran que necesitan vender m\u00e1s\u00a0"},"content":{"rendered":"\n<p>Pese a que el Gobierno Nacional asegura y otorga cifras que indicar\u00edan un crecimiento o al menos una normalizaci\u00f3n de la econom\u00eda, los sectores pymes manifestaron a la C\u00e1mara Argentina de la Mediana Empresa (CAME) situaciones que van en otra direcci\u00f3n al relato oficial.<\/p>\n\n\n\n<p>Del relevamiento mensual que hace la entidad empresarial en todo el pa\u00eds, la mitad de los encuestados se\u00f1al\u00f3 que la principal dificultad que atraviesa el sector es la falta de ventas.&nbsp;<\/p>\n\n\n\n<p>\u201cA esto se le suman los altos costos de producci\u00f3n y log\u00edstica, que afectan a casi un 30% de los encuestados, generando presi\u00f3n sobre los m\u00e1rgenes de rentabilidad. Aunque en menor medida, el acceso al cr\u00e9dito tambi\u00e9n representa un obst\u00e1culo para el 8,6%, dificultando la posibilidad de sostener operaciones o realizar inversiones. En este contexto, desde algunos comercios expresaron problemas de cobranza, aunque con un impacto m\u00e1s reducido\u201d, agregaron en CAME.<\/p>\n\n\n\n<p>\u00bfC\u00f3mo reaccion\u00f3 el sector ante esto? el 37,7% diversific\u00f3 su oferta de productos, el 18,3% redujo gastos operativos, y el 9,4% aument\u00f3 horas de trabajo.&nbsp;<\/p>\n\n\n\n<p>El sector m\u00e1s golpeado, seg\u00fan CAME, fue el textil, cuyos comerciantes aclararon que un 27,7% tuvo problemas para afrontar el pago de salarios.&nbsp;<\/p>\n\n\n\n<p>\u201cLos comerciantes consideran que la principal medida que el gobierno podr\u00eda implementar en el corto plazo para mejorar la situaci\u00f3n del sector es la reducci\u00f3n de impuestos, con un 71,5% de menciones. En comparaci\u00f3n, otras pol\u00edticas como el est\u00edmulo a la demanda interna (8,8%) o la simplificaci\u00f3n burocr\u00e1tica (8,3%) aparecen como opciones secundarias, aunque a\u00fan relevantes. Tambi\u00e9n se mencionan incentivos para la contrataci\u00f3n de personal (6%) y modificaciones en el esquema laboral (3,6%), aunque con menor peso en las respuestas. Esto deja en claro que la carga fiscal es el factor que m\u00e1s preocupa a los empresarios pymes y que cualquier alivio en este sentido podr\u00eda tener un impacto significativo en la recuperaci\u00f3n del sector\u201d, aseguraron desde la organizaci\u00f3n.<\/p>\n","protected":false},"excerpt":{"rendered":"<p>Pese a que el Gobierno Nacional asegura y otorga cifras que indicar\u00edan un crecimiento o al menos una normalizaci\u00f3n de la econom\u00eda, los sectores pymes manifestaron a la C\u00e1mara Argentina de la Mediana Empresa (CAME) situaciones que van en otra direcci\u00f3n al relato oficial. Del relevamiento mensual que hace la entidad empresarial en todo el [&hellip;]<\/p>\n","protected":false},"author":9,"featured_media":13454,"comment_status":"closed","ping_status":"open","sticky":false,"template":"","format":"standard","meta":{"tdm_status":"","tdm_grid_status":"","footnotes":""},"categories":[2],"tags":[324,423,1048,104],"class_list":{"0":"post-13453","1":"post","2":"type-post","3":"status-publish","4":"format-standard","5":"has-post-thumbnail","7":"category-economia","8":"tag-argentina","9":"tag-came","10":"tag-comercio-minorista","11":"tag-economia"},"_links":{"self":[{"href":"https:\/\/www.noticiasmas.com.ar\/index.php\/wp-json\/wp\/v2\/posts\/13453","targetHints":{"allow":["GET"]}}],"collection":[{"href":"https:\/\/www.noticiasmas.com.ar\/index.php\/wp-json\/wp\/v2\/posts"}],"about":[{"href":"https:\/\/www.noticiasmas.com.ar\/index.php\/wp-json\/wp\/v2\/types\/post"}],"author":[{"embeddable":true,"href":"https:\/\/www.noticiasmas.com.ar\/index.php\/wp-json\/wp\/v2\/users\/9"}],"replies":[{"embeddable":true,"href":"https:\/\/www.noticiasmas.com.ar\/index.php\/wp-json\/wp\/v2\/comments?post=13453"}],"version-history":[{"count":1,"href":"https:\/\/www.noticiasmas.com.ar\/index.php\/wp-json\/wp\/v2\/posts\/13453\/revisions"}],"predecessor-version":[{"id":13455,"href":"https:\/\/www.noticiasmas.com.ar\/index.php\/wp-json\/wp\/v2\/posts\/13453\/revisions\/13455"}],"wp:featuredmedia":[{"embeddable":true,"href":"https:\/\/www.noticiasmas.com.ar\/index.php\/wp-json\/wp\/v2\/media\/13454"}],"wp:attachment":[{"href":"https:\/\/www.noticiasmas.com.ar\/index.php\/wp-json\/wp\/v2\/media?parent=13453"}],"wp:term":[{"taxonomy":"category","embeddable":true,"href":"https:\/\/www.noticiasmas.com.ar\/index.php\/wp-json\/wp\/v2\/categories?post=13453"},{"taxonomy":"post_tag","embeddable":true,"href":"https:\/\/www.noticiasmas.com.ar\/index.php\/wp-json\/wp\/v2\/tags?post=13453"}],"curies":[{"name":"wp","href":"https:\/\/api.w.org\/{rel}","templated":true}]}}