{"id":13463,"date":"2025-03-10T17:58:37","date_gmt":"2025-03-10T20:58:37","guid":{"rendered":"https:\/\/www.noticiasmas.com.ar\/?p=13463"},"modified":"2025-03-10T17:58:41","modified_gmt":"2025-03-10T20:58:41","slug":"san-lorenzo-comenzo-el-ciclo-lectivo-de-los-jardines-maternales-municipales","status":"publish","type":"post","link":"https:\/\/www.noticiasmas.com.ar\/index.php\/2025\/03\/10\/san-lorenzo-comenzo-el-ciclo-lectivo-de-los-jardines-maternales-municipales\/","title":{"rendered":"San Lorenzo: Comenz\u00f3 el ciclo lectivo de los jardines maternales municipales"},"content":{"rendered":"\n<p><strong>El acto se desarroll\u00f3 en el auditorio del Complejo Museol\u00f3gico, con la presencia del intendente Leonardo Raimundo y el concejal Gustavo Oggero. El mandatario local confirm\u00f3 que en poco tiempo comenzar\u00e1 la construcci\u00f3n del jard\u00edn de barrio Rivadavia.<\/strong><\/p>\n\n\n\n<p>Con un acto desarrollado este lunes por la ma\u00f1ana en el auditorio del Complejo<br>Museol\u00f3gico, dio inicio el ciclo lectivo de los jardines maternales municipales de San Lorenzo.<\/p>\n\n\n\n<p>La ceremonia cont\u00f3 con la presencia del intendente Leonardo Raimundo, el concejal Gustavo Oggero y la coordinadora Gabriela Oeschger, que entregaron las nuevas banderas de ceremonia a las comunidades educativas. Adem\u00e1s se present\u00f3 un divertido show de payasos, a cargo de Ping Pong Clown.<\/p>\n\n\n\n<p>Ahora en cada establecimiento se llevar\u00e1 a cabo una actividad de bienvenida a padres y alumnos.<\/p>\n\n\n\n<p>El primer mandatario local se dirigi\u00f3 a los docentes y los ni\u00f1os y expres\u00f3 \u201corgullo por la red de jardines municipales con que cuenta San Lorenzo\u201d. \u201cEl jard\u00edn acompa\u00f1a a los ni\u00f1os en esa primera etapa de socializaci\u00f3n y educaci\u00f3n, y estamos muy orgullosos de nuestro equipo de trabajo. Es una tarea que realizamos pensando en colaborar con las familias, en las que muchas veces trabaja no s\u00f3lo el pap\u00e1 sino tambi\u00e9n la mam\u00e1\u201d, se\u00f1al\u00f3.<\/p>\n\n\n\n<p>Adem\u00e1s, Raimundo confirm\u00f3 que en poco tiempo m\u00e1s comenzar\u00e1 la construcci\u00f3n del nuevo jard\u00edn maternal de barrio Rivadavia. El edificio propio contar\u00e1 con salas espec\u00edficas, una plaza blanda, rincones tradicionales y novedosos para la ni\u00f1ez, adem\u00e1s de sanitarios adaptados y una cocina completamente equipada.<\/p>\n\n\n\n<p>En total son seis los establecimientos educativos de nivel inicial a cargo de la Municipalidad. A ellos asisten 250 chicos bajo la guarda de 24 profesionales entre docentes, auxiliares y asistentes escolares, que de forma peri\u00f3dica reciben capacitaciones y actualizaciones. El servicio incluye, seg\u00fan corresponda, desayuno el turno ma\u00f1ana y merienda en el turno tarde; control de vacunas y acompa\u00f1amiento integral en el desarrollo de las infancias.<\/p>\n","protected":false},"excerpt":{"rendered":"<p>El acto se desarroll\u00f3 en el auditorio del Complejo Museol\u00f3gico, con la presencia del intendente Leonardo Raimundo y el concejal Gustavo Oggero. El mandatario local confirm\u00f3 que en poco tiempo comenzar\u00e1 la construcci\u00f3n del jard\u00edn de barrio Rivadavia. Con un acto desarrollado este lunes por la ma\u00f1ana en el auditorio del ComplejoMuseol\u00f3gico, dio inicio el [&hellip;]<\/p>\n","protected":false},"author":3,"featured_media":13464,"comment_status":"closed","ping_status":"open","sticky":false,"template":"","format":"standard","meta":{"tdm_status":"","tdm_grid_status":"","footnotes":""},"categories":[13],"tags":[1124,4073,58],"class_list":{"0":"post-13463","1":"post","2":"type-post","3":"status-publish","4":"format-standard","5":"has-post-thumbnail","7":"category-region","8":"tag-ciclo-lectivo","9":"tag-jardines-municipales","10":"tag-san-lorenzo"},"_links":{"self":[{"href":"https:\/\/www.noticiasmas.com.ar\/index.php\/wp-json\/wp\/v2\/posts\/13463","targetHints":{"allow":["GET"]}}],"collection":[{"href":"https:\/\/www.noticiasmas.com.ar\/index.php\/wp-json\/wp\/v2\/posts"}],"about":[{"href":"https:\/\/www.noticiasmas.com.ar\/index.php\/wp-json\/wp\/v2\/types\/post"}],"author":[{"embeddable":true,"href":"https:\/\/www.noticiasmas.com.ar\/index.php\/wp-json\/wp\/v2\/users\/3"}],"replies":[{"embeddable":true,"href":"https:\/\/www.noticiasmas.com.ar\/index.php\/wp-json\/wp\/v2\/comments?post=13463"}],"version-history":[{"count":1,"href":"https:\/\/www.noticiasmas.com.ar\/index.php\/wp-json\/wp\/v2\/posts\/13463\/revisions"}],"predecessor-version":[{"id":13465,"href":"https:\/\/www.noticiasmas.com.ar\/index.php\/wp-json\/wp\/v2\/posts\/13463\/revisions\/13465"}],"wp:featuredmedia":[{"embeddable":true,"href":"https:\/\/www.noticiasmas.com.ar\/index.php\/wp-json\/wp\/v2\/media\/13464"}],"wp:attachment":[{"href":"https:\/\/www.noticiasmas.com.ar\/index.php\/wp-json\/wp\/v2\/media?parent=13463"}],"wp:term":[{"taxonomy":"category","embeddable":true,"href":"https:\/\/www.noticiasmas.com.ar\/index.php\/wp-json\/wp\/v2\/categories?post=13463"},{"taxonomy":"post_tag","embeddable":true,"href":"https:\/\/www.noticiasmas.com.ar\/index.php\/wp-json\/wp\/v2\/tags?post=13463"}],"curies":[{"name":"wp","href":"https:\/\/api.w.org\/{rel}","templated":true}]}}