{"id":13542,"date":"2025-03-12T16:57:39","date_gmt":"2025-03-12T19:57:39","guid":{"rendered":"https:\/\/www.noticiasmas.com.ar\/?p=13542"},"modified":"2025-03-12T16:57:45","modified_gmt":"2025-03-12T19:57:45","slug":"allanamientos-en-canada-de-gomez-cinco-detenidos-por-microtrafico","status":"publish","type":"post","link":"https:\/\/www.noticiasmas.com.ar\/index.php\/2025\/03\/12\/allanamientos-en-canada-de-gomez-cinco-detenidos-por-microtrafico\/","title":{"rendered":"Allanamientos en Ca\u00f1ada de G\u00f3mez: Cinco detenidos por microtr\u00e1fico"},"content":{"rendered":"\n<p>En el marco de una investigaci\u00f3n conjunta con el Equipo de Microtr\u00e1fico de la Fiscal\u00eda General, alineada con los objetivos priorizados por el Ministerio P\u00fablico de la Acusaci\u00f3n (MPA) en su Plan de Persecuci\u00f3n Penal, la Polic\u00eda de Investigaciones (PDI) de Santa Fe llev\u00f3 a cabo tres allanamientos en la ciudad de Ca\u00f1ada de G\u00f3mez.<\/p>\n\n\n\n<p>El operativo, realizado por el Departamento Operativo Distrito Ca\u00f1ada de G\u00f3mez Regi\u00f3n II, se centr\u00f3 en la infracci\u00f3n a la Ley 23.737 sobre comercializaci\u00f3n de estupefacientes. Como resultado, se allanaron tres viviendas ubicadas en las calles Necochea al 200, Libertad al 500 y Paraguay al 300.<\/p>\n\n\n\n<p>Durante los procedimientos, fueron aprehendidos Lucas M. (28 a\u00f1os), Maximiliano C. (19), Tom\u00e1s A. (19), Jes\u00fas M. (31) y Felipe B. (21). Adem\u00e1s, se secuestraron un arma de fuego calibre 32 con cinco municiones, un rifle, 123,34 gramos de coca\u00edna, 31,01 gramos de marihuana, tel\u00e9fonos celulares, 100 d\u00f3lares y $418.000.<\/p>\n\n\n\n<p>La investigaci\u00f3n est\u00e1 a cargo del fiscal Santiago Tosco, quien continuar\u00e1 con las actuaciones correspondientes.<\/p>\n","protected":false},"excerpt":{"rendered":"<p>En el marco de una investigaci\u00f3n conjunta con el Equipo de Microtr\u00e1fico de la Fiscal\u00eda General, alineada con los objetivos priorizados por el Ministerio P\u00fablico de la Acusaci\u00f3n (MPA) en su Plan de Persecuci\u00f3n Penal, la Polic\u00eda de Investigaciones (PDI) de Santa Fe llev\u00f3 a cabo tres allanamientos en la ciudad de Ca\u00f1ada de G\u00f3mez. [&hellip;]<\/p>\n","protected":false},"author":3,"featured_media":13543,"comment_status":"closed","ping_status":"open","sticky":false,"template":"","format":"standard","meta":{"tdm_status":"","tdm_grid_status":"","footnotes":""},"categories":[9],"tags":[1851,1013,505],"class_list":{"0":"post-13542","1":"post","2":"type-post","3":"status-publish","4":"format-standard","5":"has-post-thumbnail","7":"category-policiales","8":"tag-detenciones","9":"tag-microtrafico","10":"tag-pdi"},"_links":{"self":[{"href":"https:\/\/www.noticiasmas.com.ar\/index.php\/wp-json\/wp\/v2\/posts\/13542","targetHints":{"allow":["GET"]}}],"collection":[{"href":"https:\/\/www.noticiasmas.com.ar\/index.php\/wp-json\/wp\/v2\/posts"}],"about":[{"href":"https:\/\/www.noticiasmas.com.ar\/index.php\/wp-json\/wp\/v2\/types\/post"}],"author":[{"embeddable":true,"href":"https:\/\/www.noticiasmas.com.ar\/index.php\/wp-json\/wp\/v2\/users\/3"}],"replies":[{"embeddable":true,"href":"https:\/\/www.noticiasmas.com.ar\/index.php\/wp-json\/wp\/v2\/comments?post=13542"}],"version-history":[{"count":1,"href":"https:\/\/www.noticiasmas.com.ar\/index.php\/wp-json\/wp\/v2\/posts\/13542\/revisions"}],"predecessor-version":[{"id":13544,"href":"https:\/\/www.noticiasmas.com.ar\/index.php\/wp-json\/wp\/v2\/posts\/13542\/revisions\/13544"}],"wp:featuredmedia":[{"embeddable":true,"href":"https:\/\/www.noticiasmas.com.ar\/index.php\/wp-json\/wp\/v2\/media\/13543"}],"wp:attachment":[{"href":"https:\/\/www.noticiasmas.com.ar\/index.php\/wp-json\/wp\/v2\/media?parent=13542"}],"wp:term":[{"taxonomy":"category","embeddable":true,"href":"https:\/\/www.noticiasmas.com.ar\/index.php\/wp-json\/wp\/v2\/categories?post=13542"},{"taxonomy":"post_tag","embeddable":true,"href":"https:\/\/www.noticiasmas.com.ar\/index.php\/wp-json\/wp\/v2\/tags?post=13542"}],"curies":[{"name":"wp","href":"https:\/\/api.w.org\/{rel}","templated":true}]}}