{"id":13545,"date":"2025-03-12T20:16:15","date_gmt":"2025-03-12T23:16:15","guid":{"rendered":"https:\/\/www.noticiasmas.com.ar\/?p=13545"},"modified":"2025-03-12T20:16:19","modified_gmt":"2025-03-12T23:16:19","slug":"el-martes-segunda-jornada-de-paro-la-coad-organizo-un-encuentro-ciudadano-por-la-universidad-publica","status":"publish","type":"post","link":"https:\/\/www.noticiasmas.com.ar\/index.php\/2025\/03\/12\/el-martes-segunda-jornada-de-paro-la-coad-organizo-un-encuentro-ciudadano-por-la-universidad-publica\/","title":{"rendered":"EL MARTES \u2013 SEGUNDA JORNADA DE PARO \u2013 LA COAD ORGANIZ\u00d3 UN ENCUENTRO CIUDADANO POR LA UNIVERSIDAD PUBLICA"},"content":{"rendered":"\n<p>La Asociaci\u00f3n Gremial de Docentes e Investigadores de la UNR (COAD) record\u00f3 que este 17 y 18 de marzo los trabajadores docentes y nodocentes de todas las universidades del pa\u00eds llevar\u00e1n adelante un paro de 48hs. por nuestras demandas salariales y por el presupuesto universitario.<\/p>\n\n\n\n<p>En tal sentido, , el martes 18 pr\u00f3ximo \u2013 segunda jornada de paro &#8211; se organiz\u00f3 un espacio de encuentro y debate entre el conjunto de la comunidad educativa de la UNR, toda la ciudadan\u00eda, sindicatos, movimientos sociales y organizaciones de la sociedad civil.<\/p>\n\n\n\n<p>Se realizar\u00e1 a las 17 horas en el cruce de las peatonales C\u00f3rdoba y San Mart\u00edn<\/p>\n\n\n\n<p>All\u00ed se lanzaron los interrogantes a debatir: \u00bfCu\u00e1l es el rol social, cultural y pol\u00edtico que tiene y deber\u00eda tener la universidad p\u00fablica? \u00bfC\u00f3mo se vincula la universidad con las organizaciones de la sociedad civil y con las problem\u00e1ticas de la ciudadan\u00eda? \u00bfPor qu\u00e9 y c\u00f3mo debemos defender entre todxs la universidad p\u00fablica argentina?<\/p>\n\n\n\n<p>\u201cTrabajadorxs, jubilados, estudiantes y vecinxs vamos a construir un espacio de di\u00e1logo abierto a todxs lxs rosarinxs\u201d, indicaron desde la COAD<\/p>\n\n\n\n<p>Asimismo apuntaron que a lo largo de todo el pa\u00eds \u201clxs docentes arrancamos el a\u00f1o en pie de lucha, uniendo nuestras voces con todos los sectores que peleamos por salario digno, por la educaci\u00f3n p\u00fablica y por nuestros derechos laborales\u201d<\/p>\n","protected":false},"excerpt":{"rendered":"<p>La Asociaci\u00f3n Gremial de Docentes e Investigadores de la UNR (COAD) record\u00f3 que este 17 y 18 de marzo los trabajadores docentes y nodocentes de todas las universidades del pa\u00eds llevar\u00e1n adelante un paro de 48hs. por nuestras demandas salariales y por el presupuesto universitario. En tal sentido, , el martes 18 pr\u00f3ximo \u2013 segunda [&hellip;]<\/p>\n","protected":false},"author":5,"featured_media":13546,"comment_status":"closed","ping_status":"open","sticky":false,"template":"","format":"standard","meta":{"tdm_status":"","tdm_grid_status":"","footnotes":""},"categories":[13],"tags":[4093,4092,4091,163],"class_list":{"0":"post-13545","1":"post","2":"type-post","3":"status-publish","4":"format-standard","5":"has-post-thumbnail","7":"category-region","8":"tag-17-y-18-03","9":"tag-2da-jornada","10":"tag-paro-coad","11":"tag-rosario"},"_links":{"self":[{"href":"https:\/\/www.noticiasmas.com.ar\/index.php\/wp-json\/wp\/v2\/posts\/13545","targetHints":{"allow":["GET"]}}],"collection":[{"href":"https:\/\/www.noticiasmas.com.ar\/index.php\/wp-json\/wp\/v2\/posts"}],"about":[{"href":"https:\/\/www.noticiasmas.com.ar\/index.php\/wp-json\/wp\/v2\/types\/post"}],"author":[{"embeddable":true,"href":"https:\/\/www.noticiasmas.com.ar\/index.php\/wp-json\/wp\/v2\/users\/5"}],"replies":[{"embeddable":true,"href":"https:\/\/www.noticiasmas.com.ar\/index.php\/wp-json\/wp\/v2\/comments?post=13545"}],"version-history":[{"count":1,"href":"https:\/\/www.noticiasmas.com.ar\/index.php\/wp-json\/wp\/v2\/posts\/13545\/revisions"}],"predecessor-version":[{"id":13547,"href":"https:\/\/www.noticiasmas.com.ar\/index.php\/wp-json\/wp\/v2\/posts\/13545\/revisions\/13547"}],"wp:featuredmedia":[{"embeddable":true,"href":"https:\/\/www.noticiasmas.com.ar\/index.php\/wp-json\/wp\/v2\/media\/13546"}],"wp:attachment":[{"href":"https:\/\/www.noticiasmas.com.ar\/index.php\/wp-json\/wp\/v2\/media?parent=13545"}],"wp:term":[{"taxonomy":"category","embeddable":true,"href":"https:\/\/www.noticiasmas.com.ar\/index.php\/wp-json\/wp\/v2\/categories?post=13545"},{"taxonomy":"post_tag","embeddable":true,"href":"https:\/\/www.noticiasmas.com.ar\/index.php\/wp-json\/wp\/v2\/tags?post=13545"}],"curies":[{"name":"wp","href":"https:\/\/api.w.org\/{rel}","templated":true}]}}