{"id":1355,"date":"2023-12-14T16:52:51","date_gmt":"2023-12-14T19:52:51","guid":{"rendered":"https:\/\/www.noticiasmas.com.ar\/?p=1355"},"modified":"2023-12-14T16:52:52","modified_gmt":"2023-12-14T19:52:52","slug":"san-lorenzo-tendra-misa-criolla-navidena-el-proximo-sabado-desde-las-16","status":"publish","type":"post","link":"https:\/\/www.noticiasmas.com.ar\/index.php\/2023\/12\/14\/san-lorenzo-tendra-misa-criolla-navidena-el-proximo-sabado-desde-las-16\/","title":{"rendered":"San Lorenzo tendr\u00e1 Misa Criolla navide\u00f1a el pr\u00f3ximo s\u00e1bado desde las 16"},"content":{"rendered":"\n<p><\/p>\n\n\n\n<p><\/p>\n\n\n\n<p>El pr\u00f3ximo s\u00e1bado 16 de diciembre desde las 21 horas se llevar\u00e1 adelante la Misa Criolla y Navidad Nuestra de la ciudad de San Lorenzo, en el atrio de la Parroquia San Lorenzo M\u00e1rtir.<\/p>\n\n\n\n<p>En esta oportunidad, se presentar\u00e1 la Confluencia Coral Ariel Ram\u00edrez, junto al Grupo Coral de la Plaza San Lorenzo, el Coro Comunal de Timb\u00faes y el Coral Ven y Canta de Rosario.<\/p>\n\n\n\n<p>Como solista estar\u00e1 Franco Yelpo, con la participaci\u00f3n de un grupo folklorico bajo la direcci\u00f3n de Cristian Dante Caselli. La entrada ser\u00e1 libre y gratuita y se recomienda llevar reposera. En caso de lluvia, la celebraci\u00f3n se llevar\u00e1 adelante en el templo.<\/p>\n","protected":false},"excerpt":{"rendered":"<p>El pr\u00f3ximo s\u00e1bado 16 de diciembre desde las 21 horas se llevar\u00e1 adelante la Misa Criolla y Navidad Nuestra de la ciudad de San Lorenzo, en el atrio de la Parroquia San Lorenzo M\u00e1rtir. En esta oportunidad, se presentar\u00e1 la Confluencia Coral Ariel Ram\u00edrez, junto al Grupo Coral de la Plaza San Lorenzo, el Coro [&hellip;]<\/p>\n","protected":false},"author":9,"featured_media":1356,"comment_status":"closed","ping_status":"open","sticky":false,"template":"","format":"standard","meta":{"tdm_status":"","tdm_grid_status":"","footnotes":""},"categories":[4],"tags":[518,519,78,520,58],"class_list":{"0":"post-1355","1":"post","2":"type-post","3":"status-publish","4":"format-standard","5":"has-post-thumbnail","7":"category-culturayespectaculos","8":"tag-coro","9":"tag-grupo-coral-san-lorenzo","10":"tag-misa-criolla","11":"tag-parroquia-san-lorenzo-martir","12":"tag-san-lorenzo"},"_links":{"self":[{"href":"https:\/\/www.noticiasmas.com.ar\/index.php\/wp-json\/wp\/v2\/posts\/1355","targetHints":{"allow":["GET"]}}],"collection":[{"href":"https:\/\/www.noticiasmas.com.ar\/index.php\/wp-json\/wp\/v2\/posts"}],"about":[{"href":"https:\/\/www.noticiasmas.com.ar\/index.php\/wp-json\/wp\/v2\/types\/post"}],"author":[{"embeddable":true,"href":"https:\/\/www.noticiasmas.com.ar\/index.php\/wp-json\/wp\/v2\/users\/9"}],"replies":[{"embeddable":true,"href":"https:\/\/www.noticiasmas.com.ar\/index.php\/wp-json\/wp\/v2\/comments?post=1355"}],"version-history":[{"count":1,"href":"https:\/\/www.noticiasmas.com.ar\/index.php\/wp-json\/wp\/v2\/posts\/1355\/revisions"}],"predecessor-version":[{"id":1357,"href":"https:\/\/www.noticiasmas.com.ar\/index.php\/wp-json\/wp\/v2\/posts\/1355\/revisions\/1357"}],"wp:featuredmedia":[{"embeddable":true,"href":"https:\/\/www.noticiasmas.com.ar\/index.php\/wp-json\/wp\/v2\/media\/1356"}],"wp:attachment":[{"href":"https:\/\/www.noticiasmas.com.ar\/index.php\/wp-json\/wp\/v2\/media?parent=1355"}],"wp:term":[{"taxonomy":"category","embeddable":true,"href":"https:\/\/www.noticiasmas.com.ar\/index.php\/wp-json\/wp\/v2\/categories?post=1355"},{"taxonomy":"post_tag","embeddable":true,"href":"https:\/\/www.noticiasmas.com.ar\/index.php\/wp-json\/wp\/v2\/tags?post=1355"}],"curies":[{"name":"wp","href":"https:\/\/api.w.org\/{rel}","templated":true}]}}