{"id":13587,"date":"2025-03-14T08:32:18","date_gmt":"2025-03-14T11:32:18","guid":{"rendered":"https:\/\/www.noticiasmas.com.ar\/?p=13587"},"modified":"2025-03-14T08:32:21","modified_gmt":"2025-03-14T11:32:21","slug":"la-vicepresidenta-victoria-villarruel-se-despega-del-discurso-belicista-y-se-solidarizo-con-todos-los-heridos","status":"publish","type":"post","link":"https:\/\/www.noticiasmas.com.ar\/index.php\/2025\/03\/14\/la-vicepresidenta-victoria-villarruel-se-despega-del-discurso-belicista-y-se-solidarizo-con-todos-los-heridos\/","title":{"rendered":"La vicepresidenta Victoria Villarruel se despega del discurso belicista y se solidarizo con \u201ctodos los heridos\u201d"},"content":{"rendered":"\n<p><\/p>\n\n\n\n<p>Tras los grav\u00edsimos incidentes ocurridos en la marcha de los jubilados de este mi\u00e9rcoles en las afueras del Congreso de la Naci\u00f3n, la vicepresidenta <strong>Victoria Villarruel<\/strong> se <strong>solidarizo con \u201ctodos los heridos\u201d<\/strong> y sostuvo que espera que esto <strong>\u201cpueda ser resuelto como se deben hacer las cosas en democracia\u201d.\u00a0<\/strong><\/p>\n\n\n\n<p>La vicepresidenta realiz\u00f3 breves declaraciones a la prensa luego de su visita a la ExpoAgro de San Nicol\u00e1s y no dud\u00f3 en referirse a los tr\u00e1gicos sucesos ocurridos en la tarde de este mi\u00e9rcoles, donde 46 personas resultaron heridas seg\u00fan el Ministerio de Seguridad, dos de gravedad como el fot\u00f3grafo Pablo Grillo y un oficial de la Polic\u00eda Federal.&nbsp;<\/p>\n\n\n\n<p>\u201cComo abogada, considero que ante cualquier hecho como el que ocurri\u00f3 ayer tiene que expedirse la Justicia. Me solidarizo con todos los heridos, sean de aquellos que fueron a manifestarse como principalmente tambi\u00e9n quienes son fuerzas federales que ponen el cuerpo en situaciones que son de mucha violencia\u201d, sostuvo Villarruel ante la pregunta de los medios.<\/p>\n\n\n\n<p>Consultada por un cronista sobre si pens\u00f3 que esto fue un ataque hacia el gobierno, la vicepresidenta argument\u00f3 que <strong>\u201csimplemente es el ejercicio de la democracia\u201d,<\/strong> pero que \u201cla violencia no es para manifestarse ni para defender ninguna causa\u201d.<\/p>\n\n\n\n<p>\u201cEspero que esto pueda ser resuelto como se deben hacer las cosas en democracia\u201d, agreg\u00f3 Villarruel, posicion\u00e1ndose lejos de los discursos que alegaban enfrentamientos y justificaban la violenta respuesta de las fuerzas de seguridad nacionales, posiciones que vienen siendo alentadas en las diferentes ramas dependientes del Ministerio de Seguridad.&nbsp;<\/p>\n\n\n\n<p><\/p>\n","protected":false},"excerpt":{"rendered":"<p>Tras los grav\u00edsimos incidentes ocurridos en la marcha de los jubilados de este mi\u00e9rcoles en las afueras del Congreso de la Naci\u00f3n, la vicepresidenta Victoria Villarruel se solidarizo con \u201ctodos los heridos\u201d y sostuvo que espera que esto \u201cpueda ser resuelto como se deben hacer las cosas en democracia\u201d.\u00a0 La vicepresidenta realiz\u00f3 breves declaraciones a [&hellip;]<\/p>\n","protected":false},"author":9,"featured_media":13588,"comment_status":"closed","ping_status":"open","sticky":false,"template":"","format":"standard","meta":{"tdm_status":"","tdm_grid_status":"","footnotes":""},"categories":[8],"tags":[4103,218,4102,1486],"class_list":{"0":"post-13587","1":"post","2":"type-post","3":"status-publish","4":"format-standard","5":"has-post-thumbnail","7":"category-politica","8":"tag-expoagro","9":"tag-nacionales","10":"tag-represion","11":"tag-victoria-villarruel"},"_links":{"self":[{"href":"https:\/\/www.noticiasmas.com.ar\/index.php\/wp-json\/wp\/v2\/posts\/13587","targetHints":{"allow":["GET"]}}],"collection":[{"href":"https:\/\/www.noticiasmas.com.ar\/index.php\/wp-json\/wp\/v2\/posts"}],"about":[{"href":"https:\/\/www.noticiasmas.com.ar\/index.php\/wp-json\/wp\/v2\/types\/post"}],"author":[{"embeddable":true,"href":"https:\/\/www.noticiasmas.com.ar\/index.php\/wp-json\/wp\/v2\/users\/9"}],"replies":[{"embeddable":true,"href":"https:\/\/www.noticiasmas.com.ar\/index.php\/wp-json\/wp\/v2\/comments?post=13587"}],"version-history":[{"count":1,"href":"https:\/\/www.noticiasmas.com.ar\/index.php\/wp-json\/wp\/v2\/posts\/13587\/revisions"}],"predecessor-version":[{"id":13589,"href":"https:\/\/www.noticiasmas.com.ar\/index.php\/wp-json\/wp\/v2\/posts\/13587\/revisions\/13589"}],"wp:featuredmedia":[{"embeddable":true,"href":"https:\/\/www.noticiasmas.com.ar\/index.php\/wp-json\/wp\/v2\/media\/13588"}],"wp:attachment":[{"href":"https:\/\/www.noticiasmas.com.ar\/index.php\/wp-json\/wp\/v2\/media?parent=13587"}],"wp:term":[{"taxonomy":"category","embeddable":true,"href":"https:\/\/www.noticiasmas.com.ar\/index.php\/wp-json\/wp\/v2\/categories?post=13587"},{"taxonomy":"post_tag","embeddable":true,"href":"https:\/\/www.noticiasmas.com.ar\/index.php\/wp-json\/wp\/v2\/tags?post=13587"}],"curies":[{"name":"wp","href":"https:\/\/api.w.org\/{rel}","templated":true}]}}