{"id":13619,"date":"2025-03-16T21:03:51","date_gmt":"2025-03-17T00:03:51","guid":{"rendered":"https:\/\/www.noticiasmas.com.ar\/?p=13619"},"modified":"2025-03-16T21:03:54","modified_gmt":"2025-03-17T00:03:54","slug":"no-docentes-de-la-unr-pararan-lunes-y-martes-denuncian-que-perdieron-un-56-de-poder-adquisitivo","status":"publish","type":"post","link":"https:\/\/www.noticiasmas.com.ar\/index.php\/2025\/03\/16\/no-docentes-de-la-unr-pararan-lunes-y-martes-denuncian-que-perdieron-un-56-de-poder-adquisitivo\/","title":{"rendered":"NO DOCENTES DE LA UNR PARAR\u00c1N LUNES Y MARTES DENUNCIAN QUE PERDIERON UN 56% DE PODER ADQUISITIVO"},"content":{"rendered":"\n<p>\u201cEl Gobierno tiene el firme prop\u00f3sito de no otorgar subas salariales de m\u00e1s de un d\u00edgito, por eso este \u00faltimo aumento fue del 1,5% para enero y el 1,2% para febrero\u201d, apunt\u00f3 el secretario general de Apur, Miguel Rold\u00e1n.<\/p>\n\n\n\n<p>El secretario general de la Asociaci\u00f3n del Personal de la Universidad de Rosario (Apur), Miguel Rold\u00e1n, ratific\u00f3 que los trabajadores no docentes de la UNR se unir\u00e1n al paro convocado para este lunes 17 y martes 18 de marzo. En este sentido, record\u00f3 que la medida de fuerza ser\u00e1 sin concurrencia a los puestos de trabajo, pero con cobertura de guardias m\u00ednimas para la salud humana y animal.<\/p>\n\n\n\n<p>\u201cLos d\u00edas 17 y 18 vamos a efectuar un paro de actividades sin concurrencia a los lugares de trabajo, pero cumpliendo con la ley y garantizando guardias m\u00ednimas para asistencia a la salud tanto humana como animal. A muchos les llama la atenci\u00f3n esto \u00faltimo, pero ocurre que tenemos facultades, como la de Ciencias Agrarias y Veterinaria o la escuela agrot\u00e9cnica, que tienen para sus estudios laboratorios y quir\u00f3fanos para hacer operaciones a distintos animales y hay que atender la salud de esa especie\u201d, se\u00f1al\u00f3 el dirigente gremial<\/p>\n\n\n\n<p>Rold\u00e1n, adem\u00e1s, apunt\u00f3 que cuando el gobierno de Javier Milei disolvi\u00f3 el Ministerio de Educaci\u00f3n y lo incluy\u00f3 dentro del Ministerio de Capital desde el gremio que conduce avizoraron un panorama pol\u00edtico y econ\u00f3mico complejo para las universidades.<\/p>\n\n\n\n<p>\u201cVe\u00edamos que \u00edbamos a tener muchos inconvenientes.<\/p>\n\n\n\n<p>Adem\u00e1s, cuando designan al secretario de Educaci\u00f3n, que es un hombre de corte netamente privatista, ya no quedaban dudas\u201d, expres\u00f3 el titular de Apur, quien adem\u00e1s denunci\u00f3 que, en lo que va de a gesti\u00f3n de Milei, los trabajadores no docentes perdieron el 56% de su poder adquisitivo.<\/p>\n\n\n\n<p>\u201cEllos tienen el firme prop\u00f3sito de no otorgar subas salariales de m\u00e1s de un d\u00edgito, por eso este \u00faltimo aumento fue del 1,5% para enero y el 1,2% para febrero\u201d, apunt\u00f3 Rold\u00e1n, quien adem\u00e1s rechaz\u00f3 de lleno la idea de que las universidades nacionales pasen a ser administradas por las provincias.<\/p>\n","protected":false},"excerpt":{"rendered":"<p>\u201cEl Gobierno tiene el firme prop\u00f3sito de no otorgar subas salariales de m\u00e1s de un d\u00edgito, por eso este \u00faltimo aumento fue del 1,5% para enero y el 1,2% para febrero\u201d, apunt\u00f3 el secretario general de Apur, Miguel Rold\u00e1n. El secretario general de la Asociaci\u00f3n del Personal de la Universidad de Rosario (Apur), Miguel Rold\u00e1n, [&hellip;]<\/p>\n","protected":false},"author":5,"featured_media":8103,"comment_status":"closed","ping_status":"open","sticky":false,"template":"","format":"standard","meta":{"tdm_status":"","tdm_grid_status":"","footnotes":""},"categories":[13],"tags":[4093,2682,691,163,546],"class_list":{"0":"post-13619","1":"post","2":"type-post","3":"status-publish","4":"format-standard","5":"has-post-thumbnail","7":"category-region","8":"tag-17-y-18-03","9":"tag-apur","10":"tag-paro","11":"tag-rosario","12":"tag-unr"},"_links":{"self":[{"href":"https:\/\/www.noticiasmas.com.ar\/index.php\/wp-json\/wp\/v2\/posts\/13619","targetHints":{"allow":["GET"]}}],"collection":[{"href":"https:\/\/www.noticiasmas.com.ar\/index.php\/wp-json\/wp\/v2\/posts"}],"about":[{"href":"https:\/\/www.noticiasmas.com.ar\/index.php\/wp-json\/wp\/v2\/types\/post"}],"author":[{"embeddable":true,"href":"https:\/\/www.noticiasmas.com.ar\/index.php\/wp-json\/wp\/v2\/users\/5"}],"replies":[{"embeddable":true,"href":"https:\/\/www.noticiasmas.com.ar\/index.php\/wp-json\/wp\/v2\/comments?post=13619"}],"version-history":[{"count":1,"href":"https:\/\/www.noticiasmas.com.ar\/index.php\/wp-json\/wp\/v2\/posts\/13619\/revisions"}],"predecessor-version":[{"id":13620,"href":"https:\/\/www.noticiasmas.com.ar\/index.php\/wp-json\/wp\/v2\/posts\/13619\/revisions\/13620"}],"wp:featuredmedia":[{"embeddable":true,"href":"https:\/\/www.noticiasmas.com.ar\/index.php\/wp-json\/wp\/v2\/media\/8103"}],"wp:attachment":[{"href":"https:\/\/www.noticiasmas.com.ar\/index.php\/wp-json\/wp\/v2\/media?parent=13619"}],"wp:term":[{"taxonomy":"category","embeddable":true,"href":"https:\/\/www.noticiasmas.com.ar\/index.php\/wp-json\/wp\/v2\/categories?post=13619"},{"taxonomy":"post_tag","embeddable":true,"href":"https:\/\/www.noticiasmas.com.ar\/index.php\/wp-json\/wp\/v2\/tags?post=13619"}],"curies":[{"name":"wp","href":"https:\/\/api.w.org\/{rel}","templated":true}]}}