{"id":13624,"date":"2025-03-17T08:33:47","date_gmt":"2025-03-17T11:33:47","guid":{"rendered":"https:\/\/www.noticiasmas.com.ar\/?p=13624"},"modified":"2025-03-17T08:33:50","modified_gmt":"2025-03-17T11:33:50","slug":"el-paro-general-de-la-cgt-se-anunciara-el-jueves-y-seria-el-8-de-abril","status":"publish","type":"post","link":"https:\/\/www.noticiasmas.com.ar\/index.php\/2025\/03\/17\/el-paro-general-de-la-cgt-se-anunciara-el-jueves-y-seria-el-8-de-abril\/","title":{"rendered":"El paro general de la CGT se anunciar\u00e1 el jueves y ser\u00eda el 8 de abril"},"content":{"rendered":"\n<p>La Confederaci\u00f3n General del Trabajo definir\u00e1 este jueves la fecha del tercer paro general que la central obrera realizar\u00e1 por las pol\u00edticas llevadas adelante por el presidente Javier Milei.&nbsp;<\/p>\n\n\n\n<p>La medida, anunciada el pasado jueves en el marco del Primer Congreso Nacional de la Uni\u00f3n de los Trabajadores de la Econom\u00eda Popular (UTEP) podr\u00eda quedar plasmada el pr\u00f3ximo martes 8 de abril.<\/p>\n\n\n\n<p>La fecha, consignas y alcances de la medida se definir\u00e1n esta semana en la reuni\u00f3n del Consejo Directivo de la CGT, en donde se oficializar\u00e1 el d\u00eda de esta medida, la primera del a\u00f1o 2025 y la tercera hacia el gobierno de Milei.&nbsp;<\/p>\n\n\n\n<p>La represi\u00f3n y las grav\u00edsimas consecuencias de lo ocurrido en la marcha de los jubilados del pasado mi\u00e9rcoles movilizaron los tiempos de la central y se aceler\u00f3 el pedido de respuestas por parte de las entidades gremiales nacionales para contra el gobierno.<\/p>\n\n\n\n<p>Si bien es conocida su postura m\u00e1s \u201cpol\u00edtica\u201d y \u201cnegociadora\u201d, la CGT se qued\u00f3 hoy sin margen de maniobra y deber\u00e1 impulsar una medida de este calibre ante la demanda de varios sectores del universo de trabajadores del pa\u00eds.<\/p>\n","protected":false},"excerpt":{"rendered":"<p>La Confederaci\u00f3n General del Trabajo definir\u00e1 este jueves la fecha del tercer paro general que la central obrera realizar\u00e1 por las pol\u00edticas llevadas adelante por el presidente Javier Milei.&nbsp; La medida, anunciada el pasado jueves en el marco del Primer Congreso Nacional de la Uni\u00f3n de los Trabajadores de la Econom\u00eda Popular (UTEP) podr\u00eda quedar [&hellip;]<\/p>\n","protected":false},"author":9,"featured_media":13625,"comment_status":"closed","ping_status":"open","sticky":false,"template":"","format":"standard","meta":{"tdm_status":"","tdm_grid_status":"","footnotes":""},"categories":[8],"tags":[324,330,60,1202,39],"class_list":{"0":"post-13624","1":"post","2":"type-post","3":"status-publish","4":"format-standard","5":"has-post-thumbnail","7":"category-politica","8":"tag-argentina","9":"tag-cgt","10":"tag-javier-milei","11":"tag-paro-general","12":"tag-politica"},"_links":{"self":[{"href":"https:\/\/www.noticiasmas.com.ar\/index.php\/wp-json\/wp\/v2\/posts\/13624","targetHints":{"allow":["GET"]}}],"collection":[{"href":"https:\/\/www.noticiasmas.com.ar\/index.php\/wp-json\/wp\/v2\/posts"}],"about":[{"href":"https:\/\/www.noticiasmas.com.ar\/index.php\/wp-json\/wp\/v2\/types\/post"}],"author":[{"embeddable":true,"href":"https:\/\/www.noticiasmas.com.ar\/index.php\/wp-json\/wp\/v2\/users\/9"}],"replies":[{"embeddable":true,"href":"https:\/\/www.noticiasmas.com.ar\/index.php\/wp-json\/wp\/v2\/comments?post=13624"}],"version-history":[{"count":1,"href":"https:\/\/www.noticiasmas.com.ar\/index.php\/wp-json\/wp\/v2\/posts\/13624\/revisions"}],"predecessor-version":[{"id":13626,"href":"https:\/\/www.noticiasmas.com.ar\/index.php\/wp-json\/wp\/v2\/posts\/13624\/revisions\/13626"}],"wp:featuredmedia":[{"embeddable":true,"href":"https:\/\/www.noticiasmas.com.ar\/index.php\/wp-json\/wp\/v2\/media\/13625"}],"wp:attachment":[{"href":"https:\/\/www.noticiasmas.com.ar\/index.php\/wp-json\/wp\/v2\/media?parent=13624"}],"wp:term":[{"taxonomy":"category","embeddable":true,"href":"https:\/\/www.noticiasmas.com.ar\/index.php\/wp-json\/wp\/v2\/categories?post=13624"},{"taxonomy":"post_tag","embeddable":true,"href":"https:\/\/www.noticiasmas.com.ar\/index.php\/wp-json\/wp\/v2\/tags?post=13624"}],"curies":[{"name":"wp","href":"https:\/\/api.w.org\/{rel}","templated":true}]}}