{"id":13666,"date":"2025-03-17T19:58:11","date_gmt":"2025-03-17T22:58:11","guid":{"rendered":"https:\/\/www.noticiasmas.com.ar\/?p=13666"},"modified":"2025-03-17T19:58:14","modified_gmt":"2025-03-17T22:58:14","slug":"gremio-no-docente-de-la-unr-informo-el-alto-acatamiento-en-la-primer-jornada-de-paro","status":"publish","type":"post","link":"https:\/\/www.noticiasmas.com.ar\/index.php\/2025\/03\/17\/gremio-no-docente-de-la-unr-informo-el-alto-acatamiento-en-la-primer-jornada-de-paro\/","title":{"rendered":"GREMIO NO DOCENTE DE LA UNR INFORM\u00d3 EL ALTO ACATAMIENTO EN LA PRIMER JORNADA DE PARO"},"content":{"rendered":"\n<p>Desde el gremio de Trabajadores Nodocentes de la UNR (APUR), informaron \u2013 en el marco de la doble jornada de paro que inici\u00f3 este lunes &#8211; que el acatamiento \u201cfue muy alto\u201d, seg\u00fan su secretario general, Miguel Roldan. En tanto, Apur garantiza guardias m\u00ednimas en todas las facultades.<\/p>\n\n\n\n<p>El dirigente gremial inform\u00f3 que en las facultades que son parte de la Universidad Nacional de Rosario \u201cse han garantizado las guardias m\u00ednimas de seguridad y atenci\u00f3n a la salud tanto humana como animal\u201d.<\/p>\n\n\n\n<p>Recordemos que en la UNR comprenden casas de altos estudios de Rosario, Zavalla, Casilda, Granadero Baigorria y Puerto San Mart\u00edn.<\/p>\n\n\n\n<p>\u201cLa idiosincrasia de nuestro trabajo cuenta con hospitales, las facultades de ciencias agrarias, veterinaria y escuela agrot\u00e9cnica\u201d, especific\u00f3 Roldan<\/p>\n\n\n\n<p>Ahora bien, el secretario general de Apur reiter\u00f3 que \u201cla raz\u00f3n fundamental de nuestra medida de fuerza obedece a que ya es imposible sostener nuestros salarios con los \u00edndices baj\u00edsimos que otorga de manera unilateral el gobierno actual\u201d.<\/p>\n\n\n\n<p>Recordemos que el \u00faltimo aumento al sector fue de 1.5% en enero de este a\u00f1o y otro 1.2 % para febrero. \u201cRepetimos que dicho aumento fue unilateral y si mediar ning\u00fan tipo de negociaci\u00f3n\u201d, se quej\u00f3 el gremialista del sector universitario<\/p>\n\n\n\n<p>Asimismo Roldan advirti\u00f3 que \u201cexisten versiones bastante claras, especialmente en universidades que antes pertenec\u00edan a la Universidad de Buenos Aires de un cercano pase a la provincia&#8221;. Un caso es la universidad que se encuentra en la localidad de Tandil, &#8220;donde el rector ha recibido insinuaciones que tambi\u00e9n le hace temer el pase a provincia\u201d, agreg\u00f3 el secretario general de Apur<\/p>\n\n\n\n<p>Ahora bien, &#8220;Esta situaci\u00f3n es para nada sorprendente dado que fue anunciado en su momento por el presidente Milei y lamentablemente vemos comos se lleva adelante una pol\u00edtica de destrucci\u00f3n del aparato estatal dado que este gobierno es ajeno y totalmente opuesto al pago salarial por parte del estado tanto para la educaci\u00f3n, la salud y otros \u00e1mbitos que se est\u00e1n viendo diariamente\u201d, complet\u00f3 Roldan<\/p>\n","protected":false},"excerpt":{"rendered":"<p>Desde el gremio de Trabajadores Nodocentes de la UNR (APUR), informaron \u2013 en el marco de la doble jornada de paro que inici\u00f3 este lunes &#8211; que el acatamiento \u201cfue muy alto\u201d, seg\u00fan su secretario general, Miguel Roldan. En tanto, Apur garantiza guardias m\u00ednimas en todas las facultades. El dirigente gremial inform\u00f3 que en las [&hellip;]<\/p>\n","protected":false},"author":5,"featured_media":13667,"comment_status":"closed","ping_status":"open","sticky":false,"template":"","format":"standard","meta":{"tdm_status":"","tdm_grid_status":"","footnotes":""},"categories":[13],"tags":[3291,2682,691,546],"class_list":{"0":"post-13666","1":"post","2":"type-post","3":"status-publish","4":"format-standard","5":"has-post-thumbnail","7":"category-region","8":"tag-alto-acatamiento","9":"tag-apur","10":"tag-paro","11":"tag-unr"},"_links":{"self":[{"href":"https:\/\/www.noticiasmas.com.ar\/index.php\/wp-json\/wp\/v2\/posts\/13666","targetHints":{"allow":["GET"]}}],"collection":[{"href":"https:\/\/www.noticiasmas.com.ar\/index.php\/wp-json\/wp\/v2\/posts"}],"about":[{"href":"https:\/\/www.noticiasmas.com.ar\/index.php\/wp-json\/wp\/v2\/types\/post"}],"author":[{"embeddable":true,"href":"https:\/\/www.noticiasmas.com.ar\/index.php\/wp-json\/wp\/v2\/users\/5"}],"replies":[{"embeddable":true,"href":"https:\/\/www.noticiasmas.com.ar\/index.php\/wp-json\/wp\/v2\/comments?post=13666"}],"version-history":[{"count":1,"href":"https:\/\/www.noticiasmas.com.ar\/index.php\/wp-json\/wp\/v2\/posts\/13666\/revisions"}],"predecessor-version":[{"id":13668,"href":"https:\/\/www.noticiasmas.com.ar\/index.php\/wp-json\/wp\/v2\/posts\/13666\/revisions\/13668"}],"wp:featuredmedia":[{"embeddable":true,"href":"https:\/\/www.noticiasmas.com.ar\/index.php\/wp-json\/wp\/v2\/media\/13667"}],"wp:attachment":[{"href":"https:\/\/www.noticiasmas.com.ar\/index.php\/wp-json\/wp\/v2\/media?parent=13666"}],"wp:term":[{"taxonomy":"category","embeddable":true,"href":"https:\/\/www.noticiasmas.com.ar\/index.php\/wp-json\/wp\/v2\/categories?post=13666"},{"taxonomy":"post_tag","embeddable":true,"href":"https:\/\/www.noticiasmas.com.ar\/index.php\/wp-json\/wp\/v2\/tags?post=13666"}],"curies":[{"name":"wp","href":"https:\/\/api.w.org\/{rel}","templated":true}]}}