{"id":1369,"date":"2023-12-15T10:16:06","date_gmt":"2023-12-15T13:16:06","guid":{"rendered":"https:\/\/www.noticiasmas.com.ar\/?p=1369"},"modified":"2023-12-15T10:16:08","modified_gmt":"2023-12-15T13:16:08","slug":"senadores-justicialistas-se-suman-de-manera-colaborativa-en-el-inicio-de-la-administracion-pullaro","status":"publish","type":"post","link":"https:\/\/www.noticiasmas.com.ar\/index.php\/2023\/12\/15\/senadores-justicialistas-se-suman-de-manera-colaborativa-en-el-inicio-de-la-administracion-pullaro\/","title":{"rendered":"Senadores justicialistas se suman de manera colaborativa en el inicio de la administraci\u00f3n Pullaro"},"content":{"rendered":"\n<p>Los senadores justicialistas se reunieron este jueves con los ministros Fabi\u00e1n Bast\u00eda, de Gobierno e Innovacion P\u00fablica, y Pablo Cococcioni, titular del Ministerio de Seguridad y Justicia. All\u00ed recibieron las iniciativas que el Ejecutivo provincial considera imprescindibles para tener mejores herramientas que ayuden a fortalecer la seguridad, y tambi\u00e9n proyectos legislativos que avanzan con las emergencias social e h\u00eddrica.<\/p>\n\n\n\n<p><strong>\u201cValoramos cada iniciativa poniendo toda nuestra experiencia y conocimientos para poder tratarlas a la brevedad\u201d<\/strong> expresaron desde el espacio justicialista.<\/p>\n\n\n\n<p>As\u00ed, se sancionaron con el voto en positivo de todos sus integrantes la media sanci\u00f3n de:<br>1) Declaraci\u00f3n del Estado de Emergencia en Seguridad P\u00fablica en la Provincia de Santa Fe<\/p>\n\n\n\n<p>2) Ley de Gastos Reservados<\/p>\n\n\n\n<p>3) Ley de adhesi\u00f3n a la desfederalizaci\u00f3n parcial de la competencia penal en materia de estupefacientes (Ley 26052 ) : Narcomenudeo<\/p>\n\n\n\n<p>4) Declaraci\u00f3n de Emergencia H\u00eddrica en todo el territorio de la Provincia<\/p>\n\n\n\n<p>5) Ley de Ejecuci\u00f3n de la Pena Privativa de Libertad<\/p>\n\n\n\n<p>5) Autorizaci\u00f3n a los Municipios y Comunas de la Provincia para afectar al pago de gastos corrientes, los saldos pendientes, no solicitados, del Fondo para la Construcci\u00f3n de Obras y Adquisici\u00f3n de Equipamientos y Rodados (Ley 12385)<\/p>\n\n\n\n<p>Adem\u00e1s, <strong>votaron a favor de convertir en ley el proyecto llegado de Diputados para la nueva Ley Org\u00e1nica del Servicio Penitenciario.<\/strong><\/p>\n","protected":false},"excerpt":{"rendered":"<p>Los senadores justicialistas se reunieron este jueves con los ministros Fabi\u00e1n Bast\u00eda, de Gobierno e Innovacion P\u00fablica, y Pablo Cococcioni, titular del Ministerio de Seguridad y Justicia. All\u00ed recibieron las iniciativas que el Ejecutivo provincial considera imprescindibles para tener mejores herramientas que ayuden a fortalecer la seguridad, y tambi\u00e9n proyectos legislativos que avanzan con las [&hellip;]<\/p>\n","protected":false},"author":3,"featured_media":1370,"comment_status":"closed","ping_status":"open","sticky":false,"template":"","format":"standard","meta":{"tdm_status":"","tdm_grid_status":"","footnotes":""},"categories":[8],"tags":[240,91,523],"class_list":{"0":"post-1369","1":"post","2":"type-post","3":"status-publish","4":"format-standard","5":"has-post-thumbnail","7":"category-politica","8":"tag-emergencia","9":"tag-seguridad","10":"tag-senadores"},"_links":{"self":[{"href":"https:\/\/www.noticiasmas.com.ar\/index.php\/wp-json\/wp\/v2\/posts\/1369","targetHints":{"allow":["GET"]}}],"collection":[{"href":"https:\/\/www.noticiasmas.com.ar\/index.php\/wp-json\/wp\/v2\/posts"}],"about":[{"href":"https:\/\/www.noticiasmas.com.ar\/index.php\/wp-json\/wp\/v2\/types\/post"}],"author":[{"embeddable":true,"href":"https:\/\/www.noticiasmas.com.ar\/index.php\/wp-json\/wp\/v2\/users\/3"}],"replies":[{"embeddable":true,"href":"https:\/\/www.noticiasmas.com.ar\/index.php\/wp-json\/wp\/v2\/comments?post=1369"}],"version-history":[{"count":3,"href":"https:\/\/www.noticiasmas.com.ar\/index.php\/wp-json\/wp\/v2\/posts\/1369\/revisions"}],"predecessor-version":[{"id":1373,"href":"https:\/\/www.noticiasmas.com.ar\/index.php\/wp-json\/wp\/v2\/posts\/1369\/revisions\/1373"}],"wp:featuredmedia":[{"embeddable":true,"href":"https:\/\/www.noticiasmas.com.ar\/index.php\/wp-json\/wp\/v2\/media\/1370"}],"wp:attachment":[{"href":"https:\/\/www.noticiasmas.com.ar\/index.php\/wp-json\/wp\/v2\/media?parent=1369"}],"wp:term":[{"taxonomy":"category","embeddable":true,"href":"https:\/\/www.noticiasmas.com.ar\/index.php\/wp-json\/wp\/v2\/categories?post=1369"},{"taxonomy":"post_tag","embeddable":true,"href":"https:\/\/www.noticiasmas.com.ar\/index.php\/wp-json\/wp\/v2\/tags?post=1369"}],"curies":[{"name":"wp","href":"https:\/\/api.w.org\/{rel}","templated":true}]}}