{"id":13721,"date":"2025-03-19T15:13:48","date_gmt":"2025-03-19T18:13:48","guid":{"rendered":"https:\/\/www.noticiasmas.com.ar\/?p=13721"},"modified":"2025-03-19T15:13:51","modified_gmt":"2025-03-19T18:13:51","slug":"vicentin-la-empresa-propone-completar-el-pago-la-semana-proxima","status":"publish","type":"post","link":"https:\/\/www.noticiasmas.com.ar\/index.php\/2025\/03\/19\/vicentin-la-empresa-propone-completar-el-pago-la-semana-proxima\/","title":{"rendered":"Vicent\u00edn: la empresa propone completar el pago la semana pr\u00f3xima"},"content":{"rendered":"\n<p>El conflicto entre los trabajadores aceiteros y la empresa Vicent\u00edn podr\u00eda subsanarse luego de la propuesta de la empresa de completar el pago del mes de febrero el pr\u00f3ximo mi\u00e9rcoles 26 de marzo.&nbsp;<\/p>\n\n\n\n<p>Durante el transcurso de este mi\u00e9rcoles 19 de marzo, la empresa abon\u00f3 un 25% de lo que restaba abonar, y propone cancelar lo adeudado la semana pr\u00f3xima.&nbsp;<\/p>\n\n\n\n<p>Como consecuencia, se logr\u00f3 levantar la medida de fuerza durante este mi\u00e9rcoles, por lo que ma\u00f1ana comenzar\u00e1 nuevamente la actividad laboral en la empresa.&nbsp;<\/p>\n\n\n\n<p>\u201cRatificamos una vez m\u00e1s nuestro compromiso de normalizar la situaci\u00f3n lo antes posible. Necesitamos trabajar para poder cumplir con nuestras obligaciones. Por tanto, es esencial que las actividades se normalicen lo antes posible, de lo contrario estaremos atentando contra la posibilidad de regularizar el giro de la sociedad\u201d, se\u00f1alaron en un comunicado desde la empresa.<\/p>\n","protected":false},"excerpt":{"rendered":"<p>El conflicto entre los trabajadores aceiteros y la empresa Vicent\u00edn podr\u00eda subsanarse luego de la propuesta de la empresa de completar el pago del mes de febrero el pr\u00f3ximo mi\u00e9rcoles 26 de marzo.&nbsp; Durante el transcurso de este mi\u00e9rcoles 19 de marzo, la empresa abon\u00f3 un 25% de lo que restaba abonar, y propone cancelar [&hellip;]<\/p>\n","protected":false},"author":9,"featured_media":13210,"comment_status":"closed","ping_status":"open","sticky":false,"template":"","format":"standard","meta":{"tdm_status":"","tdm_grid_status":"","footnotes":""},"categories":[13],"tags":[463,228,691,821],"class_list":{"0":"post-13721","1":"post","2":"type-post","3":"status-publish","4":"format-standard","5":"has-post-thumbnail","7":"category-region","8":"tag-deuda","9":"tag-medida-de-fuerza","10":"tag-paro","11":"tag-vicentin"},"_links":{"self":[{"href":"https:\/\/www.noticiasmas.com.ar\/index.php\/wp-json\/wp\/v2\/posts\/13721","targetHints":{"allow":["GET"]}}],"collection":[{"href":"https:\/\/www.noticiasmas.com.ar\/index.php\/wp-json\/wp\/v2\/posts"}],"about":[{"href":"https:\/\/www.noticiasmas.com.ar\/index.php\/wp-json\/wp\/v2\/types\/post"}],"author":[{"embeddable":true,"href":"https:\/\/www.noticiasmas.com.ar\/index.php\/wp-json\/wp\/v2\/users\/9"}],"replies":[{"embeddable":true,"href":"https:\/\/www.noticiasmas.com.ar\/index.php\/wp-json\/wp\/v2\/comments?post=13721"}],"version-history":[{"count":1,"href":"https:\/\/www.noticiasmas.com.ar\/index.php\/wp-json\/wp\/v2\/posts\/13721\/revisions"}],"predecessor-version":[{"id":13722,"href":"https:\/\/www.noticiasmas.com.ar\/index.php\/wp-json\/wp\/v2\/posts\/13721\/revisions\/13722"}],"wp:featuredmedia":[{"embeddable":true,"href":"https:\/\/www.noticiasmas.com.ar\/index.php\/wp-json\/wp\/v2\/media\/13210"}],"wp:attachment":[{"href":"https:\/\/www.noticiasmas.com.ar\/index.php\/wp-json\/wp\/v2\/media?parent=13721"}],"wp:term":[{"taxonomy":"category","embeddable":true,"href":"https:\/\/www.noticiasmas.com.ar\/index.php\/wp-json\/wp\/v2\/categories?post=13721"},{"taxonomy":"post_tag","embeddable":true,"href":"https:\/\/www.noticiasmas.com.ar\/index.php\/wp-json\/wp\/v2\/tags?post=13721"}],"curies":[{"name":"wp","href":"https:\/\/api.w.org\/{rel}","templated":true}]}}