{"id":13727,"date":"2025-03-19T18:39:23","date_gmt":"2025-03-19T21:39:23","guid":{"rendered":"https:\/\/www.noticiasmas.com.ar\/?p=13727"},"modified":"2025-03-19T18:39:27","modified_gmt":"2025-03-19T21:39:27","slug":"camara-de-comercio-industria-y-servicio-de-san-lorenzo-y-su-zona-solicitan-ser-escuchados-por-las-autoridades-nacionales","status":"publish","type":"post","link":"https:\/\/www.noticiasmas.com.ar\/index.php\/2025\/03\/19\/camara-de-comercio-industria-y-servicio-de-san-lorenzo-y-su-zona-solicitan-ser-escuchados-por-las-autoridades-nacionales\/","title":{"rendered":"C\u00e1mara de Comercio, Industria y Servicio de San Lorenzo y su Zona: Solicitan ser escuchados por las autoridades nacionales"},"content":{"rendered":"\n<p>Con las firmas de Claudio Macoratti y Fernando Larripa, presidente y secretario, respectivamente, la entidad que nuclea a las grandes empresas de la regi\u00f3n y ante las circunstancias e inconvenientes que produce la llegada de camiones por la &#8220;Cosecha Gruesa&#8221;, solicitan ser escuchados por las autoridades nacionales para que las obras de infraestructura que faltan en la regi\u00f3n sucedan definitivamente.<\/p>\n\n\n\n<p>&#8220;A escasos d\u00edas de iniciarse la Cosecha Gruesa, con el aumento gradual de tr\u00e1nsito vehicular ocasionado por el ingreso por camiones a los puertos de nuestra regi\u00f3n, y que resultan el 80% de los productos agroindustriales que se exportan desde nuestro pa\u00eds al mundo, la <strong>C\u00e1mara de Comercio, Industria y Servicios de San Lorenzo y su zona<\/strong>, manifiesta su preocupaci\u00f3n por el estado de las rutas de ingreso a las terminales agroexportadoras.\u00a0<\/p>\n\n\n\n<p>Como se anticipara, nuestra Entidad, que viene comport\u00e1ndose hist\u00f3ricamente como epicentro log\u00edstico del Operativo Cosecha Gruesa, y por ello gestionando desde hace m\u00e1s de 20 a\u00f1os, junto a otras Instituciones, la ejecuci\u00f3n de obras definitivas en los accesos de la regi\u00f3n ante los distintos gobiernos nacionales y provinciales de turno, quiere remarcar y distinguir que:<\/p>\n\n\n\n<p>Desde el Gobierno de la Provincia de Santa Fe se vienen ejecutando obras en la RP91, desviando el trazado antes del ingreso a Pueblo Andino y con destino final a las terminales portuarias de la localidad de Timb\u00faes, evitando el paso de camiones por Villa La Ribera y RN11. Asimismo, hubo anuncios de pronto inicio de obras sobre la RP25s \u201cCamino de la Cremer\u00eda\u201d, en la totalidad de su trayecto, y se est\u00e1 ejecutando el 3er carril de la AP01 Rosario \u2013 Santa Fe desde San Lorenzo Centro a la ciudad de Rosario. Estas obras son algunas, y de las m\u00e1s importantes, solicitadas a lo largo de estos a\u00f1os, por lo cual celebramos ser escuchados y que est\u00e9n avanzando.<\/p>\n\n\n\n<p>Desde el Gobierno Nacional, si bien hemos realizado gestiones en la Direcci\u00f3n de DNV Santa Fe, y como respuesta a ello se est\u00e1n realizando m\u00ednimas obras de bacheo en las RN11 y A012, que est\u00e1n lejos de asegurar fluidez de tr\u00e1nsito de camiones sobre esas trazas, queremos informar a todos los actores de la Sociedad y p\u00fablico de inter\u00e9s que:&nbsp;<\/p>\n\n\n\n<ul class=\"wp-block-list\">\n<li>Nos preocupa y moviliza, tomar conocimiento que no habr\u00e1 m\u00e1s mantenimiento ni adjudicaci\u00f3n de nuevas obras donde llega el 80 % de la exportaci\u00f3n de productos agroindustriales del pa\u00eds. Consideramos que no es adecuado que las medidas adoptadas en el Plan Econ\u00f3mico vigente, se tengan que aplicar para obras en las rutas de la producci\u00f3n.<\/li>\n\n\n\n<li>Entendemos que la generaci\u00f3n de divisas ocasionada por lo arriba expuesto, son suficientes como para pensar un Plan de Obras significativo y definitivo, que termine de una vez con los problemas que las comunidades, transportistas y empresas padecen todos los a\u00f1os sobre las rutas nacionales, que son la estructura de ingreso vehicular a nuestra regi\u00f3n.\u00a0<\/li>\n<\/ul>\n\n\n\n<p>Abogamos a ser escuchados por las Autoridades Nacionales y que las obras sucedan.&nbsp;<\/p>\n\n\n\n<p>Por \u00faltimo, seguimos insistiendo en que es necesario mayor di\u00e1logo, compromiso y acuerdos entre todos los actores involucrados para que esto ocurra&#8221;, manifestaron desde la entidad<\/p>\n","protected":false},"excerpt":{"rendered":"<p>Con las firmas de Claudio Macoratti y Fernando Larripa, presidente y secretario, respectivamente, la entidad que nuclea a las grandes empresas de la regi\u00f3n y ante las circunstancias e inconvenientes que produce la llegada de camiones por la &#8220;Cosecha Gruesa&#8221;, solicitan ser escuchados por las autoridades nacionales para que las obras de infraestructura que faltan [&hellip;]<\/p>\n","protected":false},"author":5,"featured_media":5831,"comment_status":"closed","ping_status":"open","sticky":false,"template":"","format":"standard","meta":{"tdm_status":"","tdm_grid_status":"","footnotes":""},"categories":[13],"tags":[1030,4143,52,58,197],"class_list":{"0":"post-13727","1":"post","2":"type-post","3":"status-publish","4":"format-standard","5":"has-post-thumbnail","7":"category-region","8":"tag-cosecha-gruesa","9":"tag-obras-necesarias","10":"tag-puerto-san-martin","11":"tag-san-lorenzo","12":"tag-timbues"},"_links":{"self":[{"href":"https:\/\/www.noticiasmas.com.ar\/index.php\/wp-json\/wp\/v2\/posts\/13727","targetHints":{"allow":["GET"]}}],"collection":[{"href":"https:\/\/www.noticiasmas.com.ar\/index.php\/wp-json\/wp\/v2\/posts"}],"about":[{"href":"https:\/\/www.noticiasmas.com.ar\/index.php\/wp-json\/wp\/v2\/types\/post"}],"author":[{"embeddable":true,"href":"https:\/\/www.noticiasmas.com.ar\/index.php\/wp-json\/wp\/v2\/users\/5"}],"replies":[{"embeddable":true,"href":"https:\/\/www.noticiasmas.com.ar\/index.php\/wp-json\/wp\/v2\/comments?post=13727"}],"version-history":[{"count":1,"href":"https:\/\/www.noticiasmas.com.ar\/index.php\/wp-json\/wp\/v2\/posts\/13727\/revisions"}],"predecessor-version":[{"id":13731,"href":"https:\/\/www.noticiasmas.com.ar\/index.php\/wp-json\/wp\/v2\/posts\/13727\/revisions\/13731"}],"wp:featuredmedia":[{"embeddable":true,"href":"https:\/\/www.noticiasmas.com.ar\/index.php\/wp-json\/wp\/v2\/media\/5831"}],"wp:attachment":[{"href":"https:\/\/www.noticiasmas.com.ar\/index.php\/wp-json\/wp\/v2\/media?parent=13727"}],"wp:term":[{"taxonomy":"category","embeddable":true,"href":"https:\/\/www.noticiasmas.com.ar\/index.php\/wp-json\/wp\/v2\/categories?post=13727"},{"taxonomy":"post_tag","embeddable":true,"href":"https:\/\/www.noticiasmas.com.ar\/index.php\/wp-json\/wp\/v2\/tags?post=13727"}],"curies":[{"name":"wp","href":"https:\/\/api.w.org\/{rel}","templated":true}]}}