{"id":13748,"date":"2025-03-19T19:37:02","date_gmt":"2025-03-19T22:37:02","guid":{"rendered":"https:\/\/www.noticiasmas.com.ar\/?p=13748"},"modified":"2025-03-19T19:37:05","modified_gmt":"2025-03-19T22:37:05","slug":"tras-la-catastrofe-climatologia-de-bahia-blanca-en-santa-fe-piden-informe-al-ejecutivo-sobre-un-plan-de-contingencia-ante-las-consecuencias-de-cambio-climatologico","status":"publish","type":"post","link":"https:\/\/www.noticiasmas.com.ar\/index.php\/2025\/03\/19\/tras-la-catastrofe-climatologia-de-bahia-blanca-en-santa-fe-piden-informe-al-ejecutivo-sobre-un-plan-de-contingencia-ante-las-consecuencias-de-cambio-climatologico\/","title":{"rendered":"TRAS LA CAT\u00c1STROFE CLIMATOLOG\u00cdA DE BAH\u00cdA BLANCA: EN SANTA FE PIDEN INFORME AL EJECUTIVO SOBRE UN PLAN DE CONTINGENCIA ANTE LAS CONSECUENCIAS DE CAMBIO CLIMATOL\u00d3GICO"},"content":{"rendered":"\n<p>El Pedido es del diputado Del Frade que tambi\u00e9n pide saber sobre peces muertos y v\u00edctima por fumigaci\u00f3n en el norte de Santa Fe. La cat\u00e1strofe climatol\u00f3gica desatada d\u00edas atr\u00e1s en Bah\u00eda Blanca despert\u00f3 las alertas en m\u00faltiples rincones del pa\u00eds, mas all\u00e1 del profundo sentimiento de solidaridad del pueblo argentino con los habitantes de la localidad bonaerense.<\/p>\n\n\n\n<p>Puntualmente, en Santa Fe, el diputado Carlos del Frade del Frente Amplio por la Soberan\u00eda (FAS) ingres\u00f3 un expediente en la Legislatura santafesina<\/p>\n\n\n\n<p>El mismo refiere a un pedido de informe trasladado al Ejecutivo provincial para que detalle sobre lo realizado en torno a las acciones de mitigaci\u00f3n y alertas ante las consecuencias del cambio clim\u00e1tico, tal como qued\u00f3 especificado en el Plan Provincial de Acci\u00f3n Clim\u00e1tica y la ley 14.019 de Acci\u00f3n Clim\u00e1tica Provincial<\/p>\n\n\n\n<p>Dicho pedido, \u201clo realizamos teniendo en cuenta los hechos sufridos en la ciudad de Bah\u00eda Blanca y cu\u00e1les son las principales trabas con que se encontraron en su trabajo desde fines de 2023 al presente\u201d, explic\u00f3 Del Frade<\/p>\n\n\n\n<p>PECES MUERTOS<\/p>\n\n\n\n<p>En segundo lugar el diputado tambi\u00e9n pide que el gobierno del gobernador Maximiliano Pullaro informe los motivos de la mortandad de peces denunciada en Arroyo del Rey, (Departamento General Obligado), durante la primera quincena de marzo de 2025.<\/p>\n\n\n\n<p>Aqu\u00ed el legislador del FAS pretende saber s\u00ed se identificaron personas o empresas responsables de alg\u00fan hecho de contaminaci\u00f3n y qu\u00e9 medidas se implementar\u00e1n desde el gobierno provincial para evitar que esto vuelva a ocurrir.<\/p>\n\n\n\n<p>Para su pedido, Del Frade se bas\u00f3 en la informaci\u00f3n del sitio web \u201cReconquista Hoy\u201d, sobre la mortandad de peces en el Arroyo del Rey, durante la primera quincena de marzo de 2025. \u201c<\/p>\n\n\n\n<p>\u201cEs fundamental saber qui\u00e9nes fueron los responsables de esta s\u00fabita aparici\u00f3n de peces muertos en el Arroyo del Rey, un curso de agua que tiene una larga cronolog\u00eda de hechos contaminantes en los \u00faltimos treinta a\u00f1os\u201d, especific\u00f3 el diputado<\/p>\n\n\n\n<p>FUMIGACIONES<\/p>\n\n\n\n<p>Por \u00faltimo, Del Frade tambi\u00e9n le pide al Ejecutivo provincial un detalle sobre qui\u00e9nes fueron los responsables de la fumigaci\u00f3n que produjo erupciones en la piel de ni\u00f1as y ni\u00f1os en la localidad de Hardy, (Departamento General Obligado), a fines de febrero de 2025.<\/p>\n\n\n\n<p>Al respecto \u201cqued\u00f3 certificada una denuncia\u201d realizada en sede policial (Destacamento 9), dependiente de la UR IX, el 27 de febrero de 2025<\/p>\n\n\n\n<p>\u201cQue medidas se tomaron para que no se repita la situaci\u00f3n informada\u201d, exige como respuesta el diputado del FAS .<\/p>\n\n\n\n<p>Cabe indicar que el proyecto detalla que la denuncia fue efectuada por la se\u00f1ora Flavia Zanutigh, integrante de la organizaci\u00f3n \u201cParen de fumigar\u201d, como responsable de la zona norte de la provincia de Santa Fe.<\/p>\n\n\n\n<p>\u201cLa presentaci\u00f3n buscaba identificar a los responsables de las fumigaciones, pedido que hacemos propio a trav\u00e9s de este proyecto. Es fundamental que tantos los ministerios de Salud como Ambiente y Cambio Clim\u00e1tico informen al respecto, no solamente en relaci\u00f3n a los responsables si no tambi\u00e9n con respecto a las medidas que se tomaron o tomar\u00e1n para evitar este tipo de aspersiones que provocan da\u00f1os en las personas y tambi\u00e9n en la naturaleza\u201d, concluy\u00f3 Del Frade.<\/p>\n","protected":false},"excerpt":{"rendered":"<p>El Pedido es del diputado Del Frade que tambi\u00e9n pide saber sobre peces muertos y v\u00edctima por fumigaci\u00f3n en el norte de Santa Fe. La cat\u00e1strofe climatol\u00f3gica desatada d\u00edas atr\u00e1s en Bah\u00eda Blanca despert\u00f3 las alertas en m\u00faltiples rincones del pa\u00eds, mas all\u00e1 del profundo sentimiento de solidaridad del pueblo argentino con los habitantes de [&hellip;]<\/p>\n","protected":false},"author":5,"featured_media":13749,"comment_status":"closed","ping_status":"open","sticky":false,"template":"","format":"standard","meta":{"tdm_status":"","tdm_grid_status":"","footnotes":""},"categories":[14],"tags":[1268,994,2808,4155,18],"class_list":{"0":"post-13748","1":"post","2":"type-post","3":"status-publish","4":"format-standard","5":"has-post-thumbnail","7":"category-provinciales","8":"tag-cambio-climatico","9":"tag-carlos-del-frade","10":"tag-pedido-de-informe","11":"tag-plan-de-contingencias","12":"tag-santa-fe"},"_links":{"self":[{"href":"https:\/\/www.noticiasmas.com.ar\/index.php\/wp-json\/wp\/v2\/posts\/13748","targetHints":{"allow":["GET"]}}],"collection":[{"href":"https:\/\/www.noticiasmas.com.ar\/index.php\/wp-json\/wp\/v2\/posts"}],"about":[{"href":"https:\/\/www.noticiasmas.com.ar\/index.php\/wp-json\/wp\/v2\/types\/post"}],"author":[{"embeddable":true,"href":"https:\/\/www.noticiasmas.com.ar\/index.php\/wp-json\/wp\/v2\/users\/5"}],"replies":[{"embeddable":true,"href":"https:\/\/www.noticiasmas.com.ar\/index.php\/wp-json\/wp\/v2\/comments?post=13748"}],"version-history":[{"count":1,"href":"https:\/\/www.noticiasmas.com.ar\/index.php\/wp-json\/wp\/v2\/posts\/13748\/revisions"}],"predecessor-version":[{"id":13750,"href":"https:\/\/www.noticiasmas.com.ar\/index.php\/wp-json\/wp\/v2\/posts\/13748\/revisions\/13750"}],"wp:featuredmedia":[{"embeddable":true,"href":"https:\/\/www.noticiasmas.com.ar\/index.php\/wp-json\/wp\/v2\/media\/13749"}],"wp:attachment":[{"href":"https:\/\/www.noticiasmas.com.ar\/index.php\/wp-json\/wp\/v2\/media?parent=13748"}],"wp:term":[{"taxonomy":"category","embeddable":true,"href":"https:\/\/www.noticiasmas.com.ar\/index.php\/wp-json\/wp\/v2\/categories?post=13748"},{"taxonomy":"post_tag","embeddable":true,"href":"https:\/\/www.noticiasmas.com.ar\/index.php\/wp-json\/wp\/v2\/tags?post=13748"}],"curies":[{"name":"wp","href":"https:\/\/api.w.org\/{rel}","templated":true}]}}