{"id":13812,"date":"2025-03-21T09:51:27","date_gmt":"2025-03-21T12:51:27","guid":{"rendered":"https:\/\/www.noticiasmas.com.ar\/?p=13812"},"modified":"2025-03-21T09:51:30","modified_gmt":"2025-03-21T12:51:30","slug":"la-cgt-confirmo-para-general-para-el-10-de-abril-y-aseguran-que-es-inamovible","status":"publish","type":"post","link":"https:\/\/www.noticiasmas.com.ar\/index.php\/2025\/03\/21\/la-cgt-confirmo-para-general-para-el-10-de-abril-y-aseguran-que-es-inamovible\/","title":{"rendered":"La CGT confirm\u00f3 para general para el 10 de abril y aseguran que es &#8220;inamovible&#8221;"},"content":{"rendered":"\n<p>La Confederaci\u00f3n General del Trabajo confirmo ayer tras la reuni\u00f3n de su consejo directivo la realizaci\u00f3n de un paro general para el pr\u00f3ximo jueves 10 de abril, con movilizaci\u00f3n y participaci\u00f3n en la marcha de los jubilados del mi\u00e9rcoles 9 de abril.<\/p>\n\n\n\n<p>La central obrera prepara as\u00ed su tercer paro general contra el gobierno de Javier Milei, medida que se apresur\u00f3 tras la ocurrido el pasado mi\u00e9rcoles en la marcha de los jubilados y los hinchas de f\u00fatbol donde termin\u00f3 todo en un caos con varios heridos, y en donde se mostr\u00f3 una cara represiva del Estado contra los sectores trabajadores y pasivos que preocup\u00f3 al mundo sindical.<\/p>\n\n\n\n<p>As\u00ed, la CGT resolvi\u00f3 una serie de medidas que incluyen un acompa\u00f1amiento a los sindicatos que se movilicen el\u00a0mi\u00e9rcoles pr\u00f3ximo\u00a0junto a los jubilados y una convocatoria a las regionales el<strong>\u00a0<\/strong>jueves 27\u00a0en el sal\u00f3n Felipe Vallese de la sede de Azopardo para poner a consideraci\u00f3n el plan de lucha.<\/p>\n\n\n\n<p>Antes, el\u00a0lunes 24, la organizaci\u00f3n se sumar\u00e1 a la movilizaci\u00f3n de los organismos de Derechos Humanos por el D\u00eda de la Memoria. Posteriormente, la CGT efectuar\u00e1 una movilizaci\u00f3n &#8220;masiva&#8221; al Congreso el\u00a0mi\u00e9rcoles 9 de abril\u00a0junto a los jubilados, para concretar el paro nacional el\u00a0jueves 10.<\/p>\n\n\n\n<p>Ese plan de lucha implica &#8220;36 horas de acci\u00f3n\u00a0y de medidas de protesta&#8221;, destacaron fuentes sindicales.<\/p>\n\n\n\n<p>En una conferencia de prensa posterior a la reuni\u00f3n, Daer detall\u00f3 que los motivos del paro son los de &#8220;exigir la libertad para negociar paritarias libres y acuerdos homologados; aumento a los jubilados y actualizaci\u00f3n del bono de 70 para los jubilados y volver a discutir las asignaciones familiares&#8221;.<\/p>\n\n\n\n<p>&#8220;El Gobierno est\u00e1 pisando las paritarias para que vayan por debajo de la inflaci\u00f3n&#8221;, se quej\u00f3 Daer, quien exigi\u00f3 al oficialismo &#8220;modificar su pol\u00edtica social y para los sectores del trabajo&#8221;.<\/p>\n\n\n\n<p><\/p>\n","protected":false},"excerpt":{"rendered":"<p>La Confederaci\u00f3n General del Trabajo confirmo ayer tras la reuni\u00f3n de su consejo directivo la realizaci\u00f3n de un paro general para el pr\u00f3ximo jueves 10 de abril, con movilizaci\u00f3n y participaci\u00f3n en la marcha de los jubilados del mi\u00e9rcoles 9 de abril. La central obrera prepara as\u00ed su tercer paro general contra el gobierno de [&hellip;]<\/p>\n","protected":false},"author":9,"featured_media":13813,"comment_status":"closed","ping_status":"open","sticky":false,"template":"","format":"standard","meta":{"tdm_status":"","tdm_grid_status":"","footnotes":""},"categories":[1],"tags":[330,226,1202],"class_list":{"0":"post-13812","1":"post","2":"type-post","3":"status-publish","4":"format-standard","5":"has-post-thumbnail","7":"category-nacionales","8":"tag-cgt","9":"tag-gremiales","10":"tag-paro-general"},"_links":{"self":[{"href":"https:\/\/www.noticiasmas.com.ar\/index.php\/wp-json\/wp\/v2\/posts\/13812","targetHints":{"allow":["GET"]}}],"collection":[{"href":"https:\/\/www.noticiasmas.com.ar\/index.php\/wp-json\/wp\/v2\/posts"}],"about":[{"href":"https:\/\/www.noticiasmas.com.ar\/index.php\/wp-json\/wp\/v2\/types\/post"}],"author":[{"embeddable":true,"href":"https:\/\/www.noticiasmas.com.ar\/index.php\/wp-json\/wp\/v2\/users\/9"}],"replies":[{"embeddable":true,"href":"https:\/\/www.noticiasmas.com.ar\/index.php\/wp-json\/wp\/v2\/comments?post=13812"}],"version-history":[{"count":1,"href":"https:\/\/www.noticiasmas.com.ar\/index.php\/wp-json\/wp\/v2\/posts\/13812\/revisions"}],"predecessor-version":[{"id":13814,"href":"https:\/\/www.noticiasmas.com.ar\/index.php\/wp-json\/wp\/v2\/posts\/13812\/revisions\/13814"}],"wp:featuredmedia":[{"embeddable":true,"href":"https:\/\/www.noticiasmas.com.ar\/index.php\/wp-json\/wp\/v2\/media\/13813"}],"wp:attachment":[{"href":"https:\/\/www.noticiasmas.com.ar\/index.php\/wp-json\/wp\/v2\/media?parent=13812"}],"wp:term":[{"taxonomy":"category","embeddable":true,"href":"https:\/\/www.noticiasmas.com.ar\/index.php\/wp-json\/wp\/v2\/categories?post=13812"},{"taxonomy":"post_tag","embeddable":true,"href":"https:\/\/www.noticiasmas.com.ar\/index.php\/wp-json\/wp\/v2\/tags?post=13812"}],"curies":[{"name":"wp","href":"https:\/\/api.w.org\/{rel}","templated":true}]}}