{"id":13881,"date":"2025-03-26T11:28:38","date_gmt":"2025-03-26T14:28:38","guid":{"rendered":"https:\/\/www.noticiasmas.com.ar\/?p=13881"},"modified":"2025-03-26T11:28:41","modified_gmt":"2025-03-26T14:28:41","slug":"salario-minimo-docente-el-gobierno-fijo-el-valor-en-500-mil-pesos-sin-consulta-a-los-gremios","status":"publish","type":"post","link":"https:\/\/www.noticiasmas.com.ar\/index.php\/2025\/03\/26\/salario-minimo-docente-el-gobierno-fijo-el-valor-en-500-mil-pesos-sin-consulta-a-los-gremios\/","title":{"rendered":"Salario m\u00ednimo docente: el Gobierno fij\u00f3 el valor en 500 mil pesos sin consulta a los gremios"},"content":{"rendered":"\n<p>El Gobierno Nacional fij\u00f3 el nuevo salario m\u00ednimo para los y las docentes en $500.000, seg\u00fan la Resoluci\u00f3n 381\/25 publicada este mi\u00e9rcoles en el Bolet\u00edn Oficial, firmada por la Secretar\u00eda de Educaci\u00f3n.&nbsp;<\/p>\n\n\n\n<p>Tras una fallida instancia de di\u00e1logo con los sindicatos mediante la Comisi\u00f3n Negociadora del Convenio Marco, en el marco de la actualizaci\u00f3n prevista por la asamble del Consejo Federal de la Educaci\u00f3n, el Gobierno decidi\u00f3 avanzar con la fijaci\u00f3n de este monto que representa un incremento del 19% con respecto al salario m\u00ednimo anterior, constituido por unos $420.000.&nbsp;&nbsp;<\/p>\n\n\n\n<p>Este nuevo salario m\u00ednimo corresponde, seg\u00fan la comunicaci\u00f3n oficial, <em>\u201cpara el cargo testigo de maestro de grado com\u00fan, jornada simple, sin antig\u00fcedad o equivalente en horas c\u00e1tedra,<\/em><strong><em> a partir del 1 de febrero de 2025, de $500.000\u201d.<\/em><\/strong><\/p>\n\n\n\n<p>Adem\u00e1s, se estableci\u00f3 que el nuevo sueldo m\u00ednimo \u201cser\u00e1 el importe de referencia para dar cumplimiento a las transferencias en las provincias que integran el Programa Nacional de Compensaci\u00f3n Salarial Docente creado por el art\u00edculo 9\u00ba de la Ley N\u00ba 26.075\u201d.<\/p>\n","protected":false},"excerpt":{"rendered":"<p>El Gobierno Nacional fij\u00f3 el nuevo salario m\u00ednimo para los y las docentes en $500.000, seg\u00fan la Resoluci\u00f3n 381\/25 publicada este mi\u00e9rcoles en el Bolet\u00edn Oficial, firmada por la Secretar\u00eda de Educaci\u00f3n.&nbsp; Tras una fallida instancia de di\u00e1logo con los sindicatos mediante la Comisi\u00f3n Negociadora del Convenio Marco, en el marco de la actualizaci\u00f3n prevista [&hellip;]<\/p>\n","protected":false},"author":9,"featured_media":13882,"comment_status":"closed","ping_status":"open","sticky":false,"template":"","format":"standard","meta":{"tdm_status":"","tdm_grid_status":"","footnotes":""},"categories":[1],"tags":[798,149,218,1732],"class_list":{"0":"post-13881","1":"post","2":"type-post","3":"status-publish","4":"format-standard","5":"has-post-thumbnail","7":"category-nacionales","8":"tag-docentes","9":"tag-educacion","10":"tag-nacionales","11":"tag-salario"},"_links":{"self":[{"href":"https:\/\/www.noticiasmas.com.ar\/index.php\/wp-json\/wp\/v2\/posts\/13881","targetHints":{"allow":["GET"]}}],"collection":[{"href":"https:\/\/www.noticiasmas.com.ar\/index.php\/wp-json\/wp\/v2\/posts"}],"about":[{"href":"https:\/\/www.noticiasmas.com.ar\/index.php\/wp-json\/wp\/v2\/types\/post"}],"author":[{"embeddable":true,"href":"https:\/\/www.noticiasmas.com.ar\/index.php\/wp-json\/wp\/v2\/users\/9"}],"replies":[{"embeddable":true,"href":"https:\/\/www.noticiasmas.com.ar\/index.php\/wp-json\/wp\/v2\/comments?post=13881"}],"version-history":[{"count":1,"href":"https:\/\/www.noticiasmas.com.ar\/index.php\/wp-json\/wp\/v2\/posts\/13881\/revisions"}],"predecessor-version":[{"id":13883,"href":"https:\/\/www.noticiasmas.com.ar\/index.php\/wp-json\/wp\/v2\/posts\/13881\/revisions\/13883"}],"wp:featuredmedia":[{"embeddable":true,"href":"https:\/\/www.noticiasmas.com.ar\/index.php\/wp-json\/wp\/v2\/media\/13882"}],"wp:attachment":[{"href":"https:\/\/www.noticiasmas.com.ar\/index.php\/wp-json\/wp\/v2\/media?parent=13881"}],"wp:term":[{"taxonomy":"category","embeddable":true,"href":"https:\/\/www.noticiasmas.com.ar\/index.php\/wp-json\/wp\/v2\/categories?post=13881"},{"taxonomy":"post_tag","embeddable":true,"href":"https:\/\/www.noticiasmas.com.ar\/index.php\/wp-json\/wp\/v2\/tags?post=13881"}],"curies":[{"name":"wp","href":"https:\/\/api.w.org\/{rel}","templated":true}]}}