{"id":13889,"date":"2025-03-27T08:40:07","date_gmt":"2025-03-27T11:40:07","guid":{"rendered":"https:\/\/www.noticiasmas.com.ar\/?p=13889"},"modified":"2025-03-27T08:40:11","modified_gmt":"2025-03-27T11:40:11","slug":"primer-cambio-de-pilotos-en-la-temporada-de-la-formula-1-yuki-tsunoda-pasara-a-red-bull-y-liam-lawson-a-rb","status":"publish","type":"post","link":"https:\/\/www.noticiasmas.com.ar\/index.php\/2025\/03\/27\/primer-cambio-de-pilotos-en-la-temporada-de-la-formula-1-yuki-tsunoda-pasara-a-red-bull-y-liam-lawson-a-rb\/","title":{"rendered":"Primer cambio de pilotos en la temporada de la F\u00f3rmula 1: Yuki Tsunoda pasar\u00e1 a Red Bull y Liam Lawson a RB"},"content":{"rendered":"\n<p>El japon\u00e9s Yuki Tsunoda ser\u00e1 el nuevo compa\u00f1ero del campe\u00f3n Max Verstappen en el Red Bull Racing, luego de que el equipo de la bebida decidiese bajar al neozeland\u00e9s Liam Lawson y enviarlo nuevamente al equipo RB para la cuarta fecha del campeonato 2025 de la F\u00f3rmula 1.<\/p>\n\n\n\n<p>Este jueves se confirm\u00f3 el primer cambio de pilotos de la temporada, por lo que para la carrera en tierras japonesas, el \u00fanico piloto local se llevar\u00e1 todos los flashes tras una decisi\u00f3n para nada sin pol\u00e9mica.<\/p>\n\n\n\n<p>Es que Lawson, elegido por Red Bull a finales de 2024 para reemplazar al mexicano Checo P\u00e9rez por sus resultados irregulares (no pudo contribuir a que el equipo pelee con McLaren y Ferrari el campeonato de constructores) ser\u00e1 reemplazado a solo tres carreras, una de ellas modalidad sprint.<\/p>\n\n\n\n<figure class=\"wp-block-image size-large\"><img loading=\"lazy\" decoding=\"async\" width=\"1024\" height=\"683\" src=\"https:\/\/www.noticiasmas.com.ar\/wp-content\/uploads\/2025\/03\/4ccb9841a348525edff69942310b1c3b75842c48-1024x683.jpg\" alt=\"\" class=\"wp-image-13891\" srcset=\"https:\/\/www.noticiasmas.com.ar\/wp-content\/uploads\/2025\/03\/4ccb9841a348525edff69942310b1c3b75842c48-1024x683.jpg 1024w, https:\/\/www.noticiasmas.com.ar\/wp-content\/uploads\/2025\/03\/4ccb9841a348525edff69942310b1c3b75842c48-300x200.jpg 300w, https:\/\/www.noticiasmas.com.ar\/wp-content\/uploads\/2025\/03\/4ccb9841a348525edff69942310b1c3b75842c48-768x512.jpg 768w, https:\/\/www.noticiasmas.com.ar\/wp-content\/uploads\/2025\/03\/4ccb9841a348525edff69942310b1c3b75842c48-150x100.jpg 150w, https:\/\/www.noticiasmas.com.ar\/wp-content\/uploads\/2025\/03\/4ccb9841a348525edff69942310b1c3b75842c48-696x464.jpg 696w, https:\/\/www.noticiasmas.com.ar\/wp-content\/uploads\/2025\/03\/4ccb9841a348525edff69942310b1c3b75842c48-1068x712.jpg 1068w, https:\/\/www.noticiasmas.com.ar\/wp-content\/uploads\/2025\/03\/4ccb9841a348525edff69942310b1c3b75842c48.jpg 1200w\" sizes=\"auto, (max-width: 1024px) 100vw, 1024px\" \/><\/figure>\n\n\n\n<p>Los resultados, es cierto, no fueron para nada buenos: un abandono y un puesto 12 en Australia y China, sumado a un puesto 14 en una sprint donde larg\u00f3 \u00faltimo, no ayudan a que el joven de 23 a\u00f1os de edad pueda justificar conducir el mismo auto que el campe\u00f3n del mundo. Para peor, Tsunoda viene destacando en un Racing Bull que parece responder a las exigencias de un equipo que busca consolidarse en ese quinto puesto del campeonato de marcas, conocida como la lucha media.&nbsp;<\/p>\n\n\n\n<p>Yuki Tsunoda entr\u00f3 a la F\u00f3rmula 1 en 2021, reemplazando al ruso Daniel Kvyat en el entonces equipo Alpha Tauri. A\u00fan no consigui\u00f3 triunfos en la m\u00e1xima categor\u00eda, pero buscar\u00e1 consolidarse y llevar buenos resultados a un auto que busca pelear por los primeros puestos.<\/p>\n\n\n\n<p>Otro de los pilotos que tambalea de su asiento en F\u00f3rmula 1 es el australiano Jack Doohan, a quien los resultados no lo han acompa\u00f1ado. Para peor, en China sum\u00f3 dos sanciones por malas maniobras. Por ello, y por resultados que lejos est\u00e1n de convencer, sigue vigente la posibilidad de que sea reemplazado por el argentino Franco Colapinto, quien espera como piloto de reserva trabajando en el simulador del equipo Alpine.<\/p>\n","protected":false},"excerpt":{"rendered":"<p>El japon\u00e9s Yuki Tsunoda ser\u00e1 el nuevo compa\u00f1ero del campe\u00f3n Max Verstappen en el Red Bull Racing, luego de que el equipo de la bebida decidiese bajar al neozeland\u00e9s Liam Lawson y enviarlo nuevamente al equipo RB para la cuarta fecha del campeonato 2025 de la F\u00f3rmula 1. Este jueves se confirm\u00f3 el primer cambio [&hellip;]<\/p>\n","protected":false},"author":9,"featured_media":13890,"comment_status":"closed","ping_status":"open","sticky":false,"template":"","format":"standard","meta":{"tdm_status":"","tdm_grid_status":"","footnotes":""},"categories":[10],"tags":[305,1642,4195],"class_list":{"0":"post-13889","1":"post","2":"type-post","3":"status-publish","4":"format-standard","5":"has-post-thumbnail","7":"category-deportes","8":"tag-automovilismo","9":"tag-formula-1","10":"tag-yuki-tsunoda"},"_links":{"self":[{"href":"https:\/\/www.noticiasmas.com.ar\/index.php\/wp-json\/wp\/v2\/posts\/13889","targetHints":{"allow":["GET"]}}],"collection":[{"href":"https:\/\/www.noticiasmas.com.ar\/index.php\/wp-json\/wp\/v2\/posts"}],"about":[{"href":"https:\/\/www.noticiasmas.com.ar\/index.php\/wp-json\/wp\/v2\/types\/post"}],"author":[{"embeddable":true,"href":"https:\/\/www.noticiasmas.com.ar\/index.php\/wp-json\/wp\/v2\/users\/9"}],"replies":[{"embeddable":true,"href":"https:\/\/www.noticiasmas.com.ar\/index.php\/wp-json\/wp\/v2\/comments?post=13889"}],"version-history":[{"count":1,"href":"https:\/\/www.noticiasmas.com.ar\/index.php\/wp-json\/wp\/v2\/posts\/13889\/revisions"}],"predecessor-version":[{"id":13892,"href":"https:\/\/www.noticiasmas.com.ar\/index.php\/wp-json\/wp\/v2\/posts\/13889\/revisions\/13892"}],"wp:featuredmedia":[{"embeddable":true,"href":"https:\/\/www.noticiasmas.com.ar\/index.php\/wp-json\/wp\/v2\/media\/13890"}],"wp:attachment":[{"href":"https:\/\/www.noticiasmas.com.ar\/index.php\/wp-json\/wp\/v2\/media?parent=13889"}],"wp:term":[{"taxonomy":"category","embeddable":true,"href":"https:\/\/www.noticiasmas.com.ar\/index.php\/wp-json\/wp\/v2\/categories?post=13889"},{"taxonomy":"post_tag","embeddable":true,"href":"https:\/\/www.noticiasmas.com.ar\/index.php\/wp-json\/wp\/v2\/tags?post=13889"}],"curies":[{"name":"wp","href":"https:\/\/api.w.org\/{rel}","templated":true}]}}