{"id":13907,"date":"2025-03-27T12:32:40","date_gmt":"2025-03-27T15:32:40","guid":{"rendered":"https:\/\/www.noticiasmas.com.ar\/?p=13907"},"modified":"2025-03-27T12:32:44","modified_gmt":"2025-03-27T15:32:44","slug":"trabajadores-del-hospital-sanlorencino-manifestaron-su-preocupacion-por-la-inseguridad","status":"publish","type":"post","link":"https:\/\/www.noticiasmas.com.ar\/index.php\/2025\/03\/27\/trabajadores-del-hospital-sanlorencino-manifestaron-su-preocupacion-por-la-inseguridad\/","title":{"rendered":"Trabajadores del hospital sanlorencino manifestaron su preocupaci\u00f3n por la inseguridad\u00a0"},"content":{"rendered":"\n<p>Trabajadores del Hospital Granaderos a Caballo de la ciudad de San Lorenzo se manifestaron hoy para visibilizar los inconvenientes que est\u00e1n teniendo con la falta de polic\u00edas en el efector sanitario de referencia departamental, luego de una serie de hechos de inseguridad que han vivenciado principalmente en el horario de la guardia nocturna.<\/p>\n\n\n\n<p>El hospital local no es ajeno al resto de inconvenientes que tienen los centros de salud a nivel local con respecto a los conflictivos horarios nocturnos, donde se conjugan falta de personal, turnos largos, y pocos polic\u00edas destinados a su resguardo.&nbsp;<\/p>\n\n\n\n<p>\u201cCuando pasa algo hay que llamar al destacamento, pero en el destacamento solo hay dos personas y muchas veces queda una sola.&nbsp; El hospital es bastante grande, es imposible de poder controlar\u201d, se\u00f1al\u00f3 Viviana Tellategui, secretaria de Acci\u00f3n Pol\u00edtica de ATE Rosario, quienes estuvieron en la convocatoria \u201cpor pedido de los trabajadores\u201d, seg\u00fan explic\u00f3.<\/p>\n\n\n\n<p>Un pu\u00f1ado de trabajadores de la salud realizaron un \u201cabrazo simb\u00f3lico\u201d en la ma\u00f1ana de este mi\u00e9rcoles, principalmente con el objetivo de dar a conocer estas situaciones que aquejan y que ya fueron comunicadas ante la direcci\u00f3n del hospital.&nbsp;<\/p>\n\n\n\n<p>El diagn\u00f3stico de ATE tiene particular inter\u00e9s en los tratamientos de salud mental que el Granaderos a Caballo brinda. \u201cEl hospital tiene un equipo interdisciplinario de salud mental que no est\u00e1 las 24 horas, por lo que las personas que necesitan de esa atenci\u00f3n, cuando no est\u00e1 el equipo, se necesita del personal del hospital que se tienen que encargar de otras tareas espec\u00edficamente\u201d, sostuvo Tellategui.<\/p>\n\n\n\n<p>En ese sentido, desde ATE se\u00f1alaron que existe una \u201csaturaci\u00f3n\u201d de tareas del personal de la guardia, principalmente en la recepci\u00f3n, donde un solo trabajador hace atenci\u00f3n a la gran cantidad de personas que necesitan de atenci\u00f3n urgente.<\/p>\n","protected":false},"excerpt":{"rendered":"<p>Trabajadores del Hospital Granaderos a Caballo de la ciudad de San Lorenzo se manifestaron hoy para visibilizar los inconvenientes que est\u00e1n teniendo con la falta de polic\u00edas en el efector sanitario de referencia departamental, luego de una serie de hechos de inseguridad que han vivenciado principalmente en el horario de la guardia nocturna. El hospital [&hellip;]<\/p>\n","protected":false},"author":9,"featured_media":13908,"comment_status":"closed","ping_status":"open","sticky":false,"template":"","format":"standard","meta":{"tdm_status":"","tdm_grid_status":"","footnotes":""},"categories":[13],"tags":[639,1166,58],"class_list":{"0":"post-13907","1":"post","2":"type-post","3":"status-publish","4":"format-standard","5":"has-post-thumbnail","7":"category-region","8":"tag-hospital","9":"tag-hospital-granaderos-a-caballo","10":"tag-san-lorenzo"},"_links":{"self":[{"href":"https:\/\/www.noticiasmas.com.ar\/index.php\/wp-json\/wp\/v2\/posts\/13907","targetHints":{"allow":["GET"]}}],"collection":[{"href":"https:\/\/www.noticiasmas.com.ar\/index.php\/wp-json\/wp\/v2\/posts"}],"about":[{"href":"https:\/\/www.noticiasmas.com.ar\/index.php\/wp-json\/wp\/v2\/types\/post"}],"author":[{"embeddable":true,"href":"https:\/\/www.noticiasmas.com.ar\/index.php\/wp-json\/wp\/v2\/users\/9"}],"replies":[{"embeddable":true,"href":"https:\/\/www.noticiasmas.com.ar\/index.php\/wp-json\/wp\/v2\/comments?post=13907"}],"version-history":[{"count":1,"href":"https:\/\/www.noticiasmas.com.ar\/index.php\/wp-json\/wp\/v2\/posts\/13907\/revisions"}],"predecessor-version":[{"id":13909,"href":"https:\/\/www.noticiasmas.com.ar\/index.php\/wp-json\/wp\/v2\/posts\/13907\/revisions\/13909"}],"wp:featuredmedia":[{"embeddable":true,"href":"https:\/\/www.noticiasmas.com.ar\/index.php\/wp-json\/wp\/v2\/media\/13908"}],"wp:attachment":[{"href":"https:\/\/www.noticiasmas.com.ar\/index.php\/wp-json\/wp\/v2\/media?parent=13907"}],"wp:term":[{"taxonomy":"category","embeddable":true,"href":"https:\/\/www.noticiasmas.com.ar\/index.php\/wp-json\/wp\/v2\/categories?post=13907"},{"taxonomy":"post_tag","embeddable":true,"href":"https:\/\/www.noticiasmas.com.ar\/index.php\/wp-json\/wp\/v2\/tags?post=13907"}],"curies":[{"name":"wp","href":"https:\/\/api.w.org\/{rel}","templated":true}]}}