{"id":13931,"date":"2025-03-28T00:22:25","date_gmt":"2025-03-28T03:22:25","guid":{"rendered":"https:\/\/www.noticiasmas.com.ar\/?p=13931"},"modified":"2025-03-28T00:22:29","modified_gmt":"2025-03-28T03:22:29","slug":"el-temporal-que-arraso-el-cordon-industrial-provoco-al-menos-tres-heridos","status":"publish","type":"post","link":"https:\/\/www.noticiasmas.com.ar\/index.php\/2025\/03\/28\/el-temporal-que-arraso-el-cordon-industrial-provoco-al-menos-tres-heridos\/","title":{"rendered":"El temporal que arras\u00f3 el Cord\u00f3n Industrial provoc\u00f3 al menos tres heridos\u00a0"},"content":{"rendered":"\n<p>Con copiosas lluvias y fuertes r\u00e1fagas de viento, un temporal que azot\u00f3 el sur santafesino provoc\u00f3 al menos tres heridos en el Cord\u00f3n Industrial, principalmente en la zona sur de San Lorenzo, en su l\u00edmite con Fray Luis Beltr\u00e1n.<\/p>\n\n\n\n<p>Durante poco m\u00e1s de 30 minutos se registr\u00f3 un fort\u00edsimo diluvio que aneg\u00f3 gran parte de las calles de la regi\u00f3n, y en algunos puntos los vientos acompa\u00f1aron lo que fue un desastre clim\u00e1tico para los barrios de la zona l\u00edmite entre San Lorenzo y Fray Luis Beltr\u00e1n.<\/p>\n\n\n\n<p>Un hombre tuvo una fractura de tibia y peron\u00e9 en una de sus piernas cuando se accident\u00f3 producto de la tormenta y los vientos mientras intentaba destapar las canaletas del techo de su vivienda en calle Dorrego al 700 de San Lorenzo.<\/p>\n\n\n\n<p>En el barrio 2 de Abril, otra persona sufri\u00f3 graves heridas cuando un techo de chapa se le vino abajo tras los fuertes vientos. Ya en Fray Luis Beltr\u00e1n, en lo que es el barrio Retiro, una mujer qued\u00f3 atrapada cuando un mueble de su habitaci\u00f3n se le vino abajo. Seg\u00fan inform\u00f3 el medio 11Noticias, la v\u00edctima debi\u00f3 ser trasladada a un hospital por los golpes recibidos.&nbsp;<\/p>\n\n\n\n<p>Varias localidades de todo el Gran Rosario quedaron sin suministro de energ\u00eda el\u00e9ctrica. La Empresa Provincial de la Energ\u00eda pudo recomponer el servicio en varias de ellas, mientras que algunos barrios siguen esperando el restablecimiento del servicio.&nbsp;<\/p>\n\n\n\n<p>Sin lugar a dudas Beltr\u00e1n fue la localidad m\u00e1s afectada. Bomberos Voluntarios y Zapadores notificaron voladuras de techos, postes de energ\u00eda el\u00e9ctrica y columnas del alumbrado p\u00fablico.&nbsp;<\/p>\n\n\n\n<p>All\u00ed, inclusive, hubo gente que necesit\u00f3 ser evacuada y puesta a resguardo en una dependencia municipal, por lo que desde el gobierno local pusieron a disposici\u00f3n el Espacio Comunitario \u201cBienvenidos Siempre\u201d, ubicado en Presidente Per\u00f3n al 500.<\/p>\n","protected":false},"excerpt":{"rendered":"<p>Con copiosas lluvias y fuertes r\u00e1fagas de viento, un temporal que azot\u00f3 el sur santafesino provoc\u00f3 al menos tres heridos en el Cord\u00f3n Industrial, principalmente en la zona sur de San Lorenzo, en su l\u00edmite con Fray Luis Beltr\u00e1n. Durante poco m\u00e1s de 30 minutos se registr\u00f3 un fort\u00edsimo diluvio que aneg\u00f3 gran parte de [&hellip;]<\/p>\n","protected":false},"author":9,"featured_media":13932,"comment_status":"closed","ping_status":"open","sticky":false,"template":"","format":"standard","meta":{"tdm_status":"","tdm_grid_status":"","footnotes":""},"categories":[13],"tags":[349,335,392,58,553,140],"class_list":{"0":"post-13931","1":"post","2":"type-post","3":"status-publish","4":"format-standard","5":"has-post-thumbnail","7":"category-region","8":"tag-bomberos-voluntarios","9":"tag-fray-luis-beltran","10":"tag-lluvias","11":"tag-san-lorenzo","12":"tag-temporal","13":"tag-tormentas"},"_links":{"self":[{"href":"https:\/\/www.noticiasmas.com.ar\/index.php\/wp-json\/wp\/v2\/posts\/13931","targetHints":{"allow":["GET"]}}],"collection":[{"href":"https:\/\/www.noticiasmas.com.ar\/index.php\/wp-json\/wp\/v2\/posts"}],"about":[{"href":"https:\/\/www.noticiasmas.com.ar\/index.php\/wp-json\/wp\/v2\/types\/post"}],"author":[{"embeddable":true,"href":"https:\/\/www.noticiasmas.com.ar\/index.php\/wp-json\/wp\/v2\/users\/9"}],"replies":[{"embeddable":true,"href":"https:\/\/www.noticiasmas.com.ar\/index.php\/wp-json\/wp\/v2\/comments?post=13931"}],"version-history":[{"count":1,"href":"https:\/\/www.noticiasmas.com.ar\/index.php\/wp-json\/wp\/v2\/posts\/13931\/revisions"}],"predecessor-version":[{"id":13933,"href":"https:\/\/www.noticiasmas.com.ar\/index.php\/wp-json\/wp\/v2\/posts\/13931\/revisions\/13933"}],"wp:featuredmedia":[{"embeddable":true,"href":"https:\/\/www.noticiasmas.com.ar\/index.php\/wp-json\/wp\/v2\/media\/13932"}],"wp:attachment":[{"href":"https:\/\/www.noticiasmas.com.ar\/index.php\/wp-json\/wp\/v2\/media?parent=13931"}],"wp:term":[{"taxonomy":"category","embeddable":true,"href":"https:\/\/www.noticiasmas.com.ar\/index.php\/wp-json\/wp\/v2\/categories?post=13931"},{"taxonomy":"post_tag","embeddable":true,"href":"https:\/\/www.noticiasmas.com.ar\/index.php\/wp-json\/wp\/v2\/tags?post=13931"}],"curies":[{"name":"wp","href":"https:\/\/api.w.org\/{rel}","templated":true}]}}