{"id":13979,"date":"2025-03-31T08:56:00","date_gmt":"2025-03-31T11:56:00","guid":{"rendered":"https:\/\/www.noticiasmas.com.ar\/?p=13979"},"modified":"2025-03-31T08:56:03","modified_gmt":"2025-03-31T11:56:03","slug":"las-lluvias-se-van-pero-queda-el-frio","status":"publish","type":"post","link":"https:\/\/www.noticiasmas.com.ar\/index.php\/2025\/03\/31\/las-lluvias-se-van-pero-queda-el-frio\/","title":{"rendered":"Las lluvias se van pero queda el fr\u00edo"},"content":{"rendered":"\n<p>El Servicio Meteorol\u00f3gico Nacional puso fin a la alerta por lluvias y tormentas en la regi\u00f3n, y se espera un frente fr\u00edo que permanecer\u00e1 durante gran parte de la semana en el Cord\u00f3n Industrial.&nbsp;<\/p>\n\n\n\n<p>Luego de las tormentas del fin de semana, el clima se tornar\u00e1 fr\u00edo y parcialmente nublado en lo que ser\u00e1n los d\u00edas lunes y martes. Ya para el mi\u00e9rcoles feriado se espera una m\u00e1xima agradable de 25 grados con cielo despejado.&nbsp;<\/p>\n\n\n\n<p>M\u00e1s cercano al fin de semana, las temperaturas podr\u00edan ponerse m\u00e1s fr\u00edas a\u00fan, con m\u00ednimas de hasta 8 grados temprano por la ma\u00f1ana.<\/p>\n\n\n\n<p>Dentro de lo que ser\u00e1 esta semana, no se esperan nuevas lluvias y tormentas. S\u00ed temperaturas un tanto m\u00e1s fr\u00edas, que se mantendr\u00e1n en las semanas entrantes de este incipiente oto\u00f1o.<\/p>\n","protected":false},"excerpt":{"rendered":"<p>El Servicio Meteorol\u00f3gico Nacional puso fin a la alerta por lluvias y tormentas en la regi\u00f3n, y se espera un frente fr\u00edo que permanecer\u00e1 durante gran parte de la semana en el Cord\u00f3n Industrial.&nbsp; Luego de las tormentas del fin de semana, el clima se tornar\u00e1 fr\u00edo y parcialmente nublado en lo que ser\u00e1n los [&hellip;]<\/p>\n","protected":false},"author":9,"featured_media":2279,"comment_status":"closed","ping_status":"open","sticky":false,"template":"","format":"standard","meta":{"tdm_status":"","tdm_grid_status":"","footnotes":""},"categories":[13],"tags":[138,1061,587,392],"class_list":{"0":"post-13979","1":"post","2":"type-post","3":"status-publish","4":"format-standard","5":"has-post-thumbnail","7":"category-region","8":"tag-clima","9":"tag-cordon-industrial","10":"tag-frio","11":"tag-lluvias"},"_links":{"self":[{"href":"https:\/\/www.noticiasmas.com.ar\/index.php\/wp-json\/wp\/v2\/posts\/13979","targetHints":{"allow":["GET"]}}],"collection":[{"href":"https:\/\/www.noticiasmas.com.ar\/index.php\/wp-json\/wp\/v2\/posts"}],"about":[{"href":"https:\/\/www.noticiasmas.com.ar\/index.php\/wp-json\/wp\/v2\/types\/post"}],"author":[{"embeddable":true,"href":"https:\/\/www.noticiasmas.com.ar\/index.php\/wp-json\/wp\/v2\/users\/9"}],"replies":[{"embeddable":true,"href":"https:\/\/www.noticiasmas.com.ar\/index.php\/wp-json\/wp\/v2\/comments?post=13979"}],"version-history":[{"count":1,"href":"https:\/\/www.noticiasmas.com.ar\/index.php\/wp-json\/wp\/v2\/posts\/13979\/revisions"}],"predecessor-version":[{"id":13980,"href":"https:\/\/www.noticiasmas.com.ar\/index.php\/wp-json\/wp\/v2\/posts\/13979\/revisions\/13980"}],"wp:featuredmedia":[{"embeddable":true,"href":"https:\/\/www.noticiasmas.com.ar\/index.php\/wp-json\/wp\/v2\/media\/2279"}],"wp:attachment":[{"href":"https:\/\/www.noticiasmas.com.ar\/index.php\/wp-json\/wp\/v2\/media?parent=13979"}],"wp:term":[{"taxonomy":"category","embeddable":true,"href":"https:\/\/www.noticiasmas.com.ar\/index.php\/wp-json\/wp\/v2\/categories?post=13979"},{"taxonomy":"post_tag","embeddable":true,"href":"https:\/\/www.noticiasmas.com.ar\/index.php\/wp-json\/wp\/v2\/tags?post=13979"}],"curies":[{"name":"wp","href":"https:\/\/api.w.org\/{rel}","templated":true}]}}