{"id":13999,"date":"2025-03-31T17:36:57","date_gmt":"2025-03-31T20:36:57","guid":{"rendered":"https:\/\/www.noticiasmas.com.ar\/?p=13999"},"modified":"2025-03-31T17:37:00","modified_gmt":"2025-03-31T20:37:00","slug":"reestreno-teatral-de-la-obra-de-todos-un-poco","status":"publish","type":"post","link":"https:\/\/www.noticiasmas.com.ar\/index.php\/2025\/03\/31\/reestreno-teatral-de-la-obra-de-todos-un-poco\/","title":{"rendered":"Reestreno teatral de la obra &#8220;De todos, un poco&#8221;"},"content":{"rendered":"\n<p>Tras una exitosa funci\u00f3n de estreno en el 2024 que reuni\u00f3 a casi 500 espectadores, el Elenco Estable Municipal Esencia (ETEM) vuelve a escena con el reestreno de &#8220;De todos, un poco&#8221;, una obra que conquist\u00f3 al p\u00fablico con su combinaci\u00f3n de humor, emoci\u00f3n y una impecable puesta en escena.<\/p>\n\n\n\n<p>Ser\u00e1 este viernes 5 de abril en el Teatro Municipal Puerto Gral. San Mart\u00edn (Mendoza 1100) a las 21 horas en punto.&nbsp;<\/p>\n\n\n\n<p>La primera funci\u00f3n fue un rotundo \u00e9xito, con una sala colmada y una respuesta entusiasta de los asistentes. Ahora, el elenco ofrece una nueva oportunidad para disfrutar de esta obra que reafirma su compromiso con el teatro de calidad y la cultura local.<\/p>\n\n\n\n<p>Entrada gratuita \u2013 Menores de 12 a\u00f1os deber\u00e1n asistir acompa\u00f1ados por un mayor.<\/p>\n\n\n\n<p><strong>De todos, un poco Sinopsis<\/strong><\/p>\n\n\n\n<p>Seis pacientes coinciden en la sala de espera de un psiquiatra que nunca llega. Sin otra opci\u00f3n, comienzan a interactuar y, entre risas y momentos de tensi\u00f3n, se ven obligados a enfrentar sus propios miedos y man\u00edas. La situaci\u00f3n da lugar a escenas divertidas, pero tambi\u00e9n invita a la reflexi\u00f3n y al debate sobre temas que muchas veces evitamos.<\/p>\n\n\n\n<p>Bajo la direcci\u00f3n de Gustavo Chinellato y con la asistencia t\u00e9cnica de Joaqu\u00edn Chinellato, Liliana Viola y Daniel C\u00f3rdoba, la obra cobra vida gracias a un talentoso elenco compuesto por Leonardo Burgos, Diego Pafundi, Susana Moreno, Liliana Viola, Yanina Moreno, Lucas Maggioni y Antonella Colucce.<\/p>\n\n\n\n<p>Invita Secretar\u00eda de Cultura, Educaci\u00f3n y Deportes de la Municipalidad de Puerto Gral. San Mart\u00edn.<\/p>\n\n\n\n<p>En este anuncio, compartimos im\u00e1genes del estreno, captadas por purocaos.fotograf\u00eda<\/p>\n\n\n\n<p>Para m\u00e1s informaci\u00f3n, entrevistas con el elenco o material adicional, comunicarse al 3476 654035.<\/p>\n","protected":false},"excerpt":{"rendered":"<p>Tras una exitosa funci\u00f3n de estreno en el 2024 que reuni\u00f3 a casi 500 espectadores, el Elenco Estable Municipal Esencia (ETEM) vuelve a escena con el reestreno de &#8220;De todos, un poco&#8221;, una obra que conquist\u00f3 al p\u00fablico con su combinaci\u00f3n de humor, emoci\u00f3n y una impecable puesta en escena. Ser\u00e1 este viernes 5 de [&hellip;]<\/p>\n","protected":false},"author":3,"featured_media":14000,"comment_status":"closed","ping_status":"open","sticky":false,"template":"","format":"standard","meta":{"tdm_status":"","tdm_grid_status":"","footnotes":""},"categories":[4],"tags":[4225,3103,1654,2564],"class_list":{"0":"post-13999","1":"post","2":"type-post","3":"status-publish","4":"format-standard","5":"has-post-thumbnail","7":"category-culturayespectaculos","8":"tag-humor","9":"tag-obra-teatral","10":"tag-puerto-gral-san-martin","11":"tag-teatro-municipal"},"_links":{"self":[{"href":"https:\/\/www.noticiasmas.com.ar\/index.php\/wp-json\/wp\/v2\/posts\/13999","targetHints":{"allow":["GET"]}}],"collection":[{"href":"https:\/\/www.noticiasmas.com.ar\/index.php\/wp-json\/wp\/v2\/posts"}],"about":[{"href":"https:\/\/www.noticiasmas.com.ar\/index.php\/wp-json\/wp\/v2\/types\/post"}],"author":[{"embeddable":true,"href":"https:\/\/www.noticiasmas.com.ar\/index.php\/wp-json\/wp\/v2\/users\/3"}],"replies":[{"embeddable":true,"href":"https:\/\/www.noticiasmas.com.ar\/index.php\/wp-json\/wp\/v2\/comments?post=13999"}],"version-history":[{"count":2,"href":"https:\/\/www.noticiasmas.com.ar\/index.php\/wp-json\/wp\/v2\/posts\/13999\/revisions"}],"predecessor-version":[{"id":14002,"href":"https:\/\/www.noticiasmas.com.ar\/index.php\/wp-json\/wp\/v2\/posts\/13999\/revisions\/14002"}],"wp:featuredmedia":[{"embeddable":true,"href":"https:\/\/www.noticiasmas.com.ar\/index.php\/wp-json\/wp\/v2\/media\/14000"}],"wp:attachment":[{"href":"https:\/\/www.noticiasmas.com.ar\/index.php\/wp-json\/wp\/v2\/media?parent=13999"}],"wp:term":[{"taxonomy":"category","embeddable":true,"href":"https:\/\/www.noticiasmas.com.ar\/index.php\/wp-json\/wp\/v2\/categories?post=13999"},{"taxonomy":"post_tag","embeddable":true,"href":"https:\/\/www.noticiasmas.com.ar\/index.php\/wp-json\/wp\/v2\/tags?post=13999"}],"curies":[{"name":"wp","href":"https:\/\/api.w.org\/{rel}","templated":true}]}}