{"id":14003,"date":"2025-03-31T18:09:37","date_gmt":"2025-03-31T21:09:37","guid":{"rendered":"https:\/\/www.noticiasmas.com.ar\/?p=14003"},"modified":"2025-03-31T18:09:40","modified_gmt":"2025-03-31T21:09:40","slug":"sutracovi-pidio-la-intervencion-del-gobernador-de-santa-fe-por-la-situacion-de-los-trabajadores-de-crusa","status":"publish","type":"post","link":"https:\/\/www.noticiasmas.com.ar\/index.php\/2025\/03\/31\/sutracovi-pidio-la-intervencion-del-gobernador-de-santa-fe-por-la-situacion-de-los-trabajadores-de-crusa\/","title":{"rendered":"SUTRACOVI PIDI\u00d3 LA INTERVENCI\u00d3N DEL GOBERNADOR DE SANTA FE POR LA SITUACI\u00d3N DE LOS TRABAJADORES DE CRUSA"},"content":{"rendered":"\n<p>El Sindicato \u00danico de Trabajadores de Concesionarias Viales y Afines de Santa Fe (SUTRACOVI) solicit\u00f3 formalmente al ministro de Trabajo de la provincia, Roald B\u00e1scolo, que gestione la intervenci\u00f3n del gobernador Maximiliano Pullaro por la situaci\u00f3n de los trabajadores de la empresa Caminos del R\u00edo Uruguay (CRUSA).<\/p>\n\n\n\n<p>El Secretario General de SUTRACOVI, Leandro Bond, plante\u00f3 la situaci\u00f3n ante la inminente finalizaci\u00f3n de la concesi\u00f3n de la empresa CRUSA, prevista para este 8 de abril, que pone en riesgo la fuente laboral de 500 trabajadores y la seguridad vial en las rutas afectadas, entre ellas la traza del Puente Rosario-Victoria.<\/p>\n\n\n\n<p>Leando Bond obtuvo el compromiso del Ministro de Trabajo en una reuni\u00f3n que se desarroll\u00f3 este lunes por la ma\u00f1ana en la sede Rosario del Ministerio de Trabajo de Santa Fe, ubicada en San Lorenzo y Ovidio Lagos.<\/p>\n\n\n\n<p>All\u00ed, el Secretario General logr\u00f3 el compromiso del ministro de trasladar el reclamo al gobernador de Santa Fe, Maximiliano Pullaro, en busca de una soluci\u00f3n que garantice la continuidad laboral de las y los trabajadores y el mantenimiento de los servicios esenciales en las rutas.<\/p>\n\n\n\n<p>La representaci\u00f3n de SUTRACOVI estuvo integrada por su Secretario General, Leandro Bond, quien tambi\u00e9n es Secretario General de UGATT Santa Fe; y cont\u00f3 con la participaci\u00f3n de Walter Bieber, Secretario General de la Juventud Sindical Peronista de la CGT Rosario, Adjunto de UGATT Santa Fe y referente del gremio de Camioneros de Santa Fe. Tambi\u00e9n particip\u00f3 el dirigente de SUTRACOVI Gabriel Herrera.<\/p>\n\n\n\n<p>\u201cRemarcamos la urgencia de una respuesta concreta para evitar que los trabajadores queden en la calle y que la interrupci\u00f3n de servicios viales afecte gravemente a la seguridad de los usuarios\u201d, se\u00f1al\u00f3 el gremio santafesino en un comunicado<\/p>\n\n\n\n<p>El sindicato contin\u00faa en estado de alerta y movilizaci\u00f3n, en defensa de los derechos de los trabajadores y exige que las autoridades tomen medidas inmediatas ante esta situaci\u00f3n cr\u00edtica.<\/p>\n\n\n\n<p><\/p>\n","protected":false},"excerpt":{"rendered":"<p>El Sindicato \u00danico de Trabajadores de Concesionarias Viales y Afines de Santa Fe (SUTRACOVI) solicit\u00f3 formalmente al ministro de Trabajo de la provincia, Roald B\u00e1scolo, que gestione la intervenci\u00f3n del gobernador Maximiliano Pullaro por la situaci\u00f3n de los trabajadores de la empresa Caminos del R\u00edo Uruguay (CRUSA). El Secretario General de SUTRACOVI, Leandro Bond, plante\u00f3 [&hellip;]<\/p>\n","protected":false},"author":5,"featured_media":14004,"comment_status":"closed","ping_status":"open","sticky":false,"template":"","format":"standard","meta":{"tdm_status":"","tdm_grid_status":"","footnotes":""},"categories":[13],"tags":[4080,63,163,225,199],"class_list":{"0":"post-14003","1":"post","2":"type-post","3":"status-publish","4":"format-standard","5":"has-post-thumbnail","7":"category-region","8":"tag-caminos-del-rio-uruguay","9":"tag-maximiliano-pullaro","10":"tag-rosario","11":"tag-sutracovi","12":"tag-victoria"},"_links":{"self":[{"href":"https:\/\/www.noticiasmas.com.ar\/index.php\/wp-json\/wp\/v2\/posts\/14003","targetHints":{"allow":["GET"]}}],"collection":[{"href":"https:\/\/www.noticiasmas.com.ar\/index.php\/wp-json\/wp\/v2\/posts"}],"about":[{"href":"https:\/\/www.noticiasmas.com.ar\/index.php\/wp-json\/wp\/v2\/types\/post"}],"author":[{"embeddable":true,"href":"https:\/\/www.noticiasmas.com.ar\/index.php\/wp-json\/wp\/v2\/users\/5"}],"replies":[{"embeddable":true,"href":"https:\/\/www.noticiasmas.com.ar\/index.php\/wp-json\/wp\/v2\/comments?post=14003"}],"version-history":[{"count":1,"href":"https:\/\/www.noticiasmas.com.ar\/index.php\/wp-json\/wp\/v2\/posts\/14003\/revisions"}],"predecessor-version":[{"id":14005,"href":"https:\/\/www.noticiasmas.com.ar\/index.php\/wp-json\/wp\/v2\/posts\/14003\/revisions\/14005"}],"wp:featuredmedia":[{"embeddable":true,"href":"https:\/\/www.noticiasmas.com.ar\/index.php\/wp-json\/wp\/v2\/media\/14004"}],"wp:attachment":[{"href":"https:\/\/www.noticiasmas.com.ar\/index.php\/wp-json\/wp\/v2\/media?parent=14003"}],"wp:term":[{"taxonomy":"category","embeddable":true,"href":"https:\/\/www.noticiasmas.com.ar\/index.php\/wp-json\/wp\/v2\/categories?post=14003"},{"taxonomy":"post_tag","embeddable":true,"href":"https:\/\/www.noticiasmas.com.ar\/index.php\/wp-json\/wp\/v2\/tags?post=14003"}],"curies":[{"name":"wp","href":"https:\/\/api.w.org\/{rel}","templated":true}]}}