{"id":14071,"date":"2025-04-03T22:11:39","date_gmt":"2025-04-04T01:11:39","guid":{"rendered":"https:\/\/www.noticiasmas.com.ar\/?p=14071"},"modified":"2025-04-03T22:11:42","modified_gmt":"2025-04-04T01:11:42","slug":"este-viernes-se-celebra-una-nueva-edicion-del-picnic-nocturno-con-multiples-atracciones-para-pasar-una-noche-genial","status":"publish","type":"post","link":"https:\/\/www.noticiasmas.com.ar\/index.php\/2025\/04\/03\/este-viernes-se-celebra-una-nueva-edicion-del-picnic-nocturno-con-multiples-atracciones-para-pasar-una-noche-genial\/","title":{"rendered":"Este viernes se celebra una nueva edici\u00f3n del picnic nocturno, con m\u00faltiples atracciones para pasar una noche genial"},"content":{"rendered":"\n<p><strong>El evento se celebrar\u00e1 desde las 20 h en el Campo de la Gloria, con food trucks, feria de emprendedores y muchas sorpresas. Por avenida Del Combate desfilar\u00e1n las comparsas y batucadas de la ciudad. Adem\u00e1s se desarrollar\u00e1n la Fiesta Amiguera y la Fiesta Polenta.<\/strong><\/p>\n\n\n\n<p>Tras la suspensi\u00f3n por la tormenta del viernes pasado, este 4 de abril desde las 20 h<br>se celebrar\u00e1 en el Campo de la Gloria un nuevo picnic nocturno con m\u00faltiples propuestas para pasar una noche genial.<\/p>\n\n\n\n<p>Desde las 20 h desfilar\u00e1n por avenida Del Combate las comparsas y batucadas de la ciudad, que aportar\u00e1n todo el ritmo y el color del carnaval.<\/p>\n\n\n\n<p>Adem\u00e1s, de 20 a 22 se celebrar\u00e1 la Fiesta Amiguera y de 22 a 24 la fiesta Polenta, dos marcas bien instaladas en la movida nocturna. Con su habitual estilo descontracturado, la Amiguera ofrecer\u00e1 cl\u00e1sicos del pop y la cumbia, con bailarines y videoclips en el escenario principal. La Polenta, en tanto, es una fiesta urbana que se caracteriza por su ambiente amigable, y por combinar m\u00fasica pop y reggaet\u00f3n con visuales y luces.<\/p>\n\n\n\n<p>Adem\u00e1s habr\u00e1 gran cantidad de food trucks, regalos, una variada feria de emprendedores, arte urbano, espacios instagrameables, regalos y diferentes atracciones para los ni\u00f1os, en un espacio especialmente acondicionado y equipado para la ocasi\u00f3n.<\/p>\n\n\n\n<p>Tambi\u00e9n se dispondr\u00e1 un sector de m\u00fasica electr\u00f3nica en el que tocar\u00e1n los DJ Denunzio, Lautaro Riva, Davos y Renzo Lorenzini.<\/p>\n\n\n\n<p>El evento, organizado por la Municipalidad de San Lorenzo, tendr\u00e1 entrada libre y gratuita.<\/p>\n","protected":false},"excerpt":{"rendered":"<p>El evento se celebrar\u00e1 desde las 20 h en el Campo de la Gloria, con food trucks, feria de emprendedores y muchas sorpresas. Por avenida Del Combate desfilar\u00e1n las comparsas y batucadas de la ciudad. Adem\u00e1s se desarrollar\u00e1n la Fiesta Amiguera y la Fiesta Polenta. Tras la suspensi\u00f3n por la tormenta del viernes pasado, este [&hellip;]<\/p>\n","protected":false},"author":5,"featured_media":14072,"comment_status":"closed","ping_status":"open","sticky":false,"template":"","format":"standard","meta":{"tdm_status":"","tdm_grid_status":"","footnotes":""},"categories":[13],"tags":[1488,3846,4242,58],"class_list":{"0":"post-14071","1":"post","2":"type-post","3":"status-publish","4":"format-standard","5":"has-post-thumbnail","7":"category-region","8":"tag-campo-de-la-gloria","9":"tag-pic-nic-nocturno","10":"tag-reprogramacion","11":"tag-san-lorenzo"},"_links":{"self":[{"href":"https:\/\/www.noticiasmas.com.ar\/index.php\/wp-json\/wp\/v2\/posts\/14071","targetHints":{"allow":["GET"]}}],"collection":[{"href":"https:\/\/www.noticiasmas.com.ar\/index.php\/wp-json\/wp\/v2\/posts"}],"about":[{"href":"https:\/\/www.noticiasmas.com.ar\/index.php\/wp-json\/wp\/v2\/types\/post"}],"author":[{"embeddable":true,"href":"https:\/\/www.noticiasmas.com.ar\/index.php\/wp-json\/wp\/v2\/users\/5"}],"replies":[{"embeddable":true,"href":"https:\/\/www.noticiasmas.com.ar\/index.php\/wp-json\/wp\/v2\/comments?post=14071"}],"version-history":[{"count":1,"href":"https:\/\/www.noticiasmas.com.ar\/index.php\/wp-json\/wp\/v2\/posts\/14071\/revisions"}],"predecessor-version":[{"id":14073,"href":"https:\/\/www.noticiasmas.com.ar\/index.php\/wp-json\/wp\/v2\/posts\/14071\/revisions\/14073"}],"wp:featuredmedia":[{"embeddable":true,"href":"https:\/\/www.noticiasmas.com.ar\/index.php\/wp-json\/wp\/v2\/media\/14072"}],"wp:attachment":[{"href":"https:\/\/www.noticiasmas.com.ar\/index.php\/wp-json\/wp\/v2\/media?parent=14071"}],"wp:term":[{"taxonomy":"category","embeddable":true,"href":"https:\/\/www.noticiasmas.com.ar\/index.php\/wp-json\/wp\/v2\/categories?post=14071"},{"taxonomy":"post_tag","embeddable":true,"href":"https:\/\/www.noticiasmas.com.ar\/index.php\/wp-json\/wp\/v2\/tags?post=14071"}],"curies":[{"name":"wp","href":"https:\/\/api.w.org\/{rel}","templated":true}]}}