{"id":14074,"date":"2025-04-03T22:25:11","date_gmt":"2025-04-04T01:25:11","guid":{"rendered":"https:\/\/www.noticiasmas.com.ar\/?p=14074"},"modified":"2025-04-03T22:25:15","modified_gmt":"2025-04-04T01:25:15","slug":"alejandro-lerner-brillo-en-san-lorenzo-en-una-jornada-de-actividades-y-memoria-por-malvinas","status":"publish","type":"post","link":"https:\/\/www.noticiasmas.com.ar\/index.php\/2025\/04\/03\/alejandro-lerner-brillo-en-san-lorenzo-en-una-jornada-de-actividades-y-memoria-por-malvinas\/","title":{"rendered":"Alejandro Lerner brill\u00f3 en San Lorenzo, en una jornada de actividades y memoria por Malvinas"},"content":{"rendered":"\n<p><strong>Miles de personas se reunieron en el Campo de la Gloria para participar de una emotiva jornada en homenaje a los h\u00e9roes de Malvinas. El evento incluy\u00f3 un acto oficial, un concurso de asadores, ferias y espect\u00e1culos, con la presentaci\u00f3n de m\u00faltiples artistas locales y de Alejandro Lerner, quien interpret\u00f3 sus grandes \u00e9xitos y canciones dedicadas a la causa malvinera<\/strong>.<\/p>\n\n\n\n<p>Con m\u00faltiples actividades que se concentraron en el Campo de la Gloria, la Municipalidad de San Lorenzo conmemor\u00f3 este mi\u00e9rcoles el D\u00eda del Veterano y de los Ca\u00eddos en la Guerra de las Malvinas. En este marco, tuvo lugar un recital de Alejandro Lerner, artista de probado compromiso con la causa Malvinas.<\/p>\n\n\n\n<p>Tras la suspensi\u00f3n, por las condiciones meteorol\u00f3gicas, de la vigilia programada para el martes a la noche, las actividades dieron inicio el mi\u00e9rcoles a la ma\u00f1ana, con el acto oficial encabezado por el intendente Raimundo. Tras la ceremonia, el primer mandatario y ex combatientes descubrieron un cartel en el Campo de la Gloria con la inscripci\u00f3n \u201cDistancia a las Islas Malvinas: 2119 km. La victoria es no olvidar\u201d.<\/p>\n\n\n\n<p>De forma simult\u00e1nea se puso en marcha el 1\u00b0 concurso de asadores \u201cH\u00e9roes de Malvinas\u201d, organizado por la Municipalidad junto con el centro de veteranos \u201cCombate de San Lorenzo\u201d y Generaci\u00f3n Malvinas.<\/p>\n\n\n\n<p>En total fueron veinte las parejas que desde bien temprano asaron costillares a la estaca sobre el bulevar Sargento Cabral. La venta de las porciones al p\u00fablico permitieron recaudar 4.000.000 de pesos que ser\u00e1n destinados al fortalecimiento institucional del centro de veteranos.<\/p>\n\n\n\n<p>Ya por la tarde se llev\u00f3 a cabo la premiaci\u00f3n, a cargo de un jurado de especialistas dependiente de la World Barbecue Association Argentina. El tercer lugar correspondi\u00f3 al equipo \u201cLos Malvinenses\u201d, integrado por Alejandro y Eduardo; el segundo, al equipo \u201cPlaceres de Campo\u201d, compuesto por Lore y Loreley, mientras que el primer puesto fue para \u201cLos \u00daltimos\u201d, formado por Leandro y Facundo. Todos se llevaron importantes premios.<\/p>\n\n\n\n<figure class=\"wp-block-image size-large\"><img loading=\"lazy\" decoding=\"async\" width=\"1024\" height=\"682\" src=\"https:\/\/www.noticiasmas.com.ar\/wp-content\/uploads\/2025\/04\/Costillares-1024x682.jpg\" alt=\"\" class=\"wp-image-14076\" srcset=\"https:\/\/www.noticiasmas.com.ar\/wp-content\/uploads\/2025\/04\/Costillares-1024x682.jpg 1024w, https:\/\/www.noticiasmas.com.ar\/wp-content\/uploads\/2025\/04\/Costillares-300x200.jpg 300w, https:\/\/www.noticiasmas.com.ar\/wp-content\/uploads\/2025\/04\/Costillares-768x511.jpg 768w, https:\/\/www.noticiasmas.com.ar\/wp-content\/uploads\/2025\/04\/Costillares-150x100.jpg 150w, https:\/\/www.noticiasmas.com.ar\/wp-content\/uploads\/2025\/04\/Costillares-696x463.jpg 696w, https:\/\/www.noticiasmas.com.ar\/wp-content\/uploads\/2025\/04\/Costillares-1068x711.jpg 1068w, https:\/\/www.noticiasmas.com.ar\/wp-content\/uploads\/2025\/04\/Costillares.jpg 1200w\" sizes=\"auto, (max-width: 1024px) 100vw, 1024px\" \/><\/figure>\n\n\n\n<p><strong>Alejandro Lerner y mucho m\u00e1s<br><\/strong>Desde antes del mediod\u00eda una gran cantidad de gente se acerc\u00f3 al Campo de la Gloria, ya que adem\u00e1s de los shows art\u00edsticos y el campeonato de asadores, hubo una gran feria de emprendedores con productos variados y food trucks con diversas opciones para comer y beber. Tambi\u00e9n hubo una muestra militar, un sector recreativo para ni\u00f1os y se realizaron tatuajes malvineros de forma gratuita.<\/p>\n\n\n\n<p>Poco despu\u00e9s de las 14 h, el reconocido artista Alejandro Lerner se subi\u00f3 al escenario montado a espaldas del r\u00edo Paran\u00e1. Con el oficio y la versatilidad que le otorgan m\u00e1s de 40 a\u00f1os de carrera, y la buena onda que le permite conectar con un p\u00fablico fiel y seguidor, el m\u00fasico toc\u00f3 muchos de sus hits pero tambi\u00e9n algunos temas con fuerte impronta malvinera.<\/p>\n\n\n\n<p>As\u00ed fue que su repertorio incluy\u00f3 cl\u00e1sicos como No hace falta, Costumbres argentinas, Juntos para siempre, Despu\u00e9s de ti y Todo a pulm\u00f3n, pero tambi\u00e9n canciones alusivas al acontecimiento conmemorado este jueves, como La isla de la buena memoria. El cierre lleg\u00f3 de la mano de una potente y estremecedora versi\u00f3n de \u201cVolver a empezar\u201d.<\/p>\n\n\n\n<figure class=\"wp-block-image size-large\"><img loading=\"lazy\" decoding=\"async\" width=\"1024\" height=\"682\" src=\"https:\/\/www.noticiasmas.com.ar\/wp-content\/uploads\/2025\/04\/Ale-Lerner-Gente-1024x682.jpg\" alt=\"\" class=\"wp-image-14075\" srcset=\"https:\/\/www.noticiasmas.com.ar\/wp-content\/uploads\/2025\/04\/Ale-Lerner-Gente-1024x682.jpg 1024w, https:\/\/www.noticiasmas.com.ar\/wp-content\/uploads\/2025\/04\/Ale-Lerner-Gente-300x200.jpg 300w, https:\/\/www.noticiasmas.com.ar\/wp-content\/uploads\/2025\/04\/Ale-Lerner-Gente-768x511.jpg 768w, https:\/\/www.noticiasmas.com.ar\/wp-content\/uploads\/2025\/04\/Ale-Lerner-Gente-150x100.jpg 150w, https:\/\/www.noticiasmas.com.ar\/wp-content\/uploads\/2025\/04\/Ale-Lerner-Gente-696x463.jpg 696w, https:\/\/www.noticiasmas.com.ar\/wp-content\/uploads\/2025\/04\/Ale-Lerner-Gente-1068x711.jpg 1068w, https:\/\/www.noticiasmas.com.ar\/wp-content\/uploads\/2025\/04\/Ale-Lerner-Gente.jpg 1200w\" sizes=\"auto, (max-width: 1024px) 100vw, 1024px\" \/><\/figure>\n\n\n\n<p>La actividad art\u00edstica continu\u00f3 hasta bien entrada la noche, con la presentaci\u00f3n de academias de danza y bandas de m\u00fasica locales, como Los de Argerich, Sunset, Ismael Castillo, Malembo, Oliva, Mi Barrio Baila, Cosechando Amigos, Julio Chioli, Los Pe\u00f1eros, Instintos Makabros, LSD, 80\u2019s Baby, Facundo Leguizam\u00f3n, Yaganes, Triple Frontera, Rodrigo Quinteros y Chales Wilson.<\/p>\n","protected":false},"excerpt":{"rendered":"<p>Miles de personas se reunieron en el Campo de la Gloria para participar de una emotiva jornada en homenaje a los h\u00e9roes de Malvinas. El evento incluy\u00f3 un acto oficial, un concurso de asadores, ferias y espect\u00e1culos, con la presentaci\u00f3n de m\u00faltiples artistas locales y de Alejandro Lerner, quien interpret\u00f3 sus grandes \u00e9xitos y canciones [&hellip;]<\/p>\n","protected":false},"author":5,"featured_media":14077,"comment_status":"closed","ping_status":"open","sticky":false,"template":"","format":"standard","meta":{"tdm_status":"","tdm_grid_status":"","footnotes":""},"categories":[13],"tags":[1821,4230,1488,4243,58],"class_list":{"0":"post-14074","1":"post","2":"type-post","3":"status-publish","4":"format-standard","5":"has-post-thumbnail","7":"category-region","8":"tag-2-de-abril","9":"tag-alejandro-lerner","10":"tag-campo-de-la-gloria","11":"tag-jornada-malvinas","12":"tag-san-lorenzo"},"_links":{"self":[{"href":"https:\/\/www.noticiasmas.com.ar\/index.php\/wp-json\/wp\/v2\/posts\/14074","targetHints":{"allow":["GET"]}}],"collection":[{"href":"https:\/\/www.noticiasmas.com.ar\/index.php\/wp-json\/wp\/v2\/posts"}],"about":[{"href":"https:\/\/www.noticiasmas.com.ar\/index.php\/wp-json\/wp\/v2\/types\/post"}],"author":[{"embeddable":true,"href":"https:\/\/www.noticiasmas.com.ar\/index.php\/wp-json\/wp\/v2\/users\/5"}],"replies":[{"embeddable":true,"href":"https:\/\/www.noticiasmas.com.ar\/index.php\/wp-json\/wp\/v2\/comments?post=14074"}],"version-history":[{"count":1,"href":"https:\/\/www.noticiasmas.com.ar\/index.php\/wp-json\/wp\/v2\/posts\/14074\/revisions"}],"predecessor-version":[{"id":14078,"href":"https:\/\/www.noticiasmas.com.ar\/index.php\/wp-json\/wp\/v2\/posts\/14074\/revisions\/14078"}],"wp:featuredmedia":[{"embeddable":true,"href":"https:\/\/www.noticiasmas.com.ar\/index.php\/wp-json\/wp\/v2\/media\/14077"}],"wp:attachment":[{"href":"https:\/\/www.noticiasmas.com.ar\/index.php\/wp-json\/wp\/v2\/media?parent=14074"}],"wp:term":[{"taxonomy":"category","embeddable":true,"href":"https:\/\/www.noticiasmas.com.ar\/index.php\/wp-json\/wp\/v2\/categories?post=14074"},{"taxonomy":"post_tag","embeddable":true,"href":"https:\/\/www.noticiasmas.com.ar\/index.php\/wp-json\/wp\/v2\/tags?post=14074"}],"curies":[{"name":"wp","href":"https:\/\/api.w.org\/{rel}","templated":true}]}}