{"id":14085,"date":"2025-04-03T22:51:33","date_gmt":"2025-04-04T01:51:33","guid":{"rendered":"https:\/\/www.noticiasmas.com.ar\/?p=14085"},"modified":"2025-04-03T22:51:36","modified_gmt":"2025-04-04T01:51:36","slug":"gremios-del-transporte-adelantan-un-paro-contundente-y-habria-olla-popular","status":"publish","type":"post","link":"https:\/\/www.noticiasmas.com.ar\/index.php\/2025\/04\/03\/gremios-del-transporte-adelantan-un-paro-contundente-y-habria-olla-popular\/","title":{"rendered":"GREMIOS DEL TRANSPORTE ADELANTAN UN PARO CONTUNDENTE Y HABR\u00cdA OLLA POPULAR"},"content":{"rendered":"\n<p>La Confederaci\u00f3n General del Trabajo (CGT) ratific\u00f3 el paro nacional por 24 horas a cumplirse el jueves 10 de abril en contra de la pol\u00edtica econ\u00f3mica del presidente Javier Milei. En ese marco gremios locales adhieren a la medida por lo que &#8211; en dicha jornada- se paralizar\u00e1n muchos servicios. No habr\u00e1 recolecci\u00f3n de residuos, tampoco actividad en el puerto local, en el aeropuerto y no circular\u00e1n los camiones.<\/p>\n\n\n\n<p>Ya anticiparon que van al paro los gremios nucleados Confederaci\u00f3n Argentina de Trabajadores del Transporte (CATT) \u2013 camioneros, recolectores, portuarios, mar\u00edtimos, a\u00e9reos, peaje- . Adem\u00e1s anticiparon acciones desde la Corriente Clasista y Combativa (CATT) y La Uni\u00f3n de Trabajadores y Trabajadoras de la Econom\u00eda Popular (UTEP).<\/p>\n\n\n\n<p>Marcelo Andrada, titular del sindicato de trabajadores recolectores de Rosario adelant\u00f3 que en dicha jornada no habr\u00e1 recolecci\u00f3n de residuos, tampoco actividad en el puerto local, en el aeropuerto, no circular\u00e1n los camiones y se est\u00e1 evaluando una olla popular en el Cruce de av de Circunvalaci\u00f3n y Pte Per\u00f3n (Ex Godoy).<\/p>\n\n\n\n<p>\u201cEl paro ser\u00e1 contundente\u201d, anticip\u00f3 el dirigente gremial<\/p>\n\n\n\n<p>Asimismo, Edgardo Arrieta, del Sindicato de Dragado y Balizamiento de Rosario se\u00f1al\u00f3 que: \u201cnos reunimos para analizar las medidas a llevar adelante en la jornada del paro y hacer cosas en conjunto\u201d. \u201cLa idea es causar un hecho que repecuta a nivel municipal, provincial y nacional y tratar de que la gente interprete que el paro es por los derechos que nos est\u00e1n quitando a los trabajadores\u201d<\/p>\n\n\n\n<p>Nicolas Martinez, del Sindicato de Cadetes de Rosario tambi\u00e9n manifest\u00f3 que, \u201cnosotros venimos plantado posici\u00f3n con llamar a un paro general desde hace tiempo, celebramos y vemos acertada la medida de fuerza de la confederaci\u00f3n ya que sobran los motivos para hacerla, desde la pulverizaci\u00f3n de los salarios, el aumento del desempleo y tambi\u00e9n hay que estar movilizados por el nuevo acuerdo con el FMI que pretende ejecutar el gobierno a toda costa y que como resultado ya sabemos que solo deja mas hambre y pobreza para nuestro pueblo\u201d.<\/p>\n","protected":false},"excerpt":{"rendered":"<p>La Confederaci\u00f3n General del Trabajo (CGT) ratific\u00f3 el paro nacional por 24 horas a cumplirse el jueves 10 de abril en contra de la pol\u00edtica econ\u00f3mica del presidente Javier Milei. En ese marco gremios locales adhieren a la medida por lo que &#8211; en dicha jornada- se paralizar\u00e1n muchos servicios. No habr\u00e1 recolecci\u00f3n de residuos, [&hellip;]<\/p>\n","protected":false},"author":5,"featured_media":14086,"comment_status":"closed","ping_status":"open","sticky":false,"template":"","format":"standard","meta":{"tdm_status":"","tdm_grid_status":"","footnotes":""},"categories":[13],"tags":[4247,1061,2218,163],"class_list":{"0":"post-14085","1":"post","2":"type-post","3":"status-publish","4":"format-standard","5":"has-post-thumbnail","7":"category-region","8":"tag-10-04","9":"tag-cordon-industrial","10":"tag-paro-nacional","11":"tag-rosario"},"_links":{"self":[{"href":"https:\/\/www.noticiasmas.com.ar\/index.php\/wp-json\/wp\/v2\/posts\/14085","targetHints":{"allow":["GET"]}}],"collection":[{"href":"https:\/\/www.noticiasmas.com.ar\/index.php\/wp-json\/wp\/v2\/posts"}],"about":[{"href":"https:\/\/www.noticiasmas.com.ar\/index.php\/wp-json\/wp\/v2\/types\/post"}],"author":[{"embeddable":true,"href":"https:\/\/www.noticiasmas.com.ar\/index.php\/wp-json\/wp\/v2\/users\/5"}],"replies":[{"embeddable":true,"href":"https:\/\/www.noticiasmas.com.ar\/index.php\/wp-json\/wp\/v2\/comments?post=14085"}],"version-history":[{"count":1,"href":"https:\/\/www.noticiasmas.com.ar\/index.php\/wp-json\/wp\/v2\/posts\/14085\/revisions"}],"predecessor-version":[{"id":14087,"href":"https:\/\/www.noticiasmas.com.ar\/index.php\/wp-json\/wp\/v2\/posts\/14085\/revisions\/14087"}],"wp:featuredmedia":[{"embeddable":true,"href":"https:\/\/www.noticiasmas.com.ar\/index.php\/wp-json\/wp\/v2\/media\/14086"}],"wp:attachment":[{"href":"https:\/\/www.noticiasmas.com.ar\/index.php\/wp-json\/wp\/v2\/media?parent=14085"}],"wp:term":[{"taxonomy":"category","embeddable":true,"href":"https:\/\/www.noticiasmas.com.ar\/index.php\/wp-json\/wp\/v2\/categories?post=14085"},{"taxonomy":"post_tag","embeddable":true,"href":"https:\/\/www.noticiasmas.com.ar\/index.php\/wp-json\/wp\/v2\/tags?post=14085"}],"curies":[{"name":"wp","href":"https:\/\/api.w.org\/{rel}","templated":true}]}}