{"id":14173,"date":"2025-04-09T09:50:44","date_gmt":"2025-04-09T12:50:44","guid":{"rendered":"https:\/\/www.noticiasmas.com.ar\/?p=14173"},"modified":"2025-04-09T09:50:47","modified_gmt":"2025-04-09T12:50:47","slug":"como-repercutira-el-paro-general-de-manana-en-la-region","status":"publish","type":"post","link":"https:\/\/www.noticiasmas.com.ar\/index.php\/2025\/04\/09\/como-repercutira-el-paro-general-de-manana-en-la-region\/","title":{"rendered":"\u00bfC\u00f3mo repercutir\u00e1 el paro general de ma\u00f1ana en la regi\u00f3n?"},"content":{"rendered":"\n<p>Varios servicios y actividades estar\u00e1n afectados al paro general de este pr\u00f3ximo 10 de abril, convocado a nivel nacional por la Confederaci\u00f3n General del Trabajo.<\/p>\n\n\n\n<p>Docentes de escuelas p\u00fablicas y privadas, como los empleados de las empresas provinciales y nacionales que operan en la regi\u00f3n se adhieren al paro, al igual que los municipales.<\/p>\n\n\n\n<p>Por otro lado, en el \u00e1mbito privado, los trabajadores involucrados en las actividades del polo agroexportador como Aceiteros tambi\u00e9n se adhieren a la medida y solo operar\u00e1n guardias m\u00ednimas en toda la regi\u00f3n.<\/p>\n\n\n\n<p>No obstante, s\u00ed habr\u00e1 servicio habitual de transporte interurbano de pasajeros, ya que la UTA Rosario no adhiere a la medida.<\/p>\n\n\n\n<p>Este mi\u00e9rcoles, el foco estar\u00e1 puesto en la Plaza del Congreso de la Naci\u00f3n, donde se concentrar\u00e1 una gran movilizaci\u00f3n acompa\u00f1ando a la de cada mitad de semana impulsada por los jubilados.&nbsp;<\/p>\n\n\n\n<p>Ma\u00f1ana no se esperan movilizaciones ni cortes de ruta o autopistas.<\/p>\n","protected":false},"excerpt":{"rendered":"<p>Varios servicios y actividades estar\u00e1n afectados al paro general de este pr\u00f3ximo 10 de abril, convocado a nivel nacional por la Confederaci\u00f3n General del Trabajo. Docentes de escuelas p\u00fablicas y privadas, como los empleados de las empresas provinciales y nacionales que operan en la regi\u00f3n se adhieren al paro, al igual que los municipales. Por [&hellip;]<\/p>\n","protected":false},"author":9,"featured_media":14174,"comment_status":"closed","ping_status":"open","sticky":false,"template":"","format":"standard","meta":{"tdm_status":"","tdm_grid_status":"","footnotes":""},"categories":[13],"tags":[330,218,1202],"class_list":{"0":"post-14173","1":"post","2":"type-post","3":"status-publish","4":"format-standard","5":"has-post-thumbnail","7":"category-region","8":"tag-cgt","9":"tag-nacionales","10":"tag-paro-general"},"_links":{"self":[{"href":"https:\/\/www.noticiasmas.com.ar\/index.php\/wp-json\/wp\/v2\/posts\/14173","targetHints":{"allow":["GET"]}}],"collection":[{"href":"https:\/\/www.noticiasmas.com.ar\/index.php\/wp-json\/wp\/v2\/posts"}],"about":[{"href":"https:\/\/www.noticiasmas.com.ar\/index.php\/wp-json\/wp\/v2\/types\/post"}],"author":[{"embeddable":true,"href":"https:\/\/www.noticiasmas.com.ar\/index.php\/wp-json\/wp\/v2\/users\/9"}],"replies":[{"embeddable":true,"href":"https:\/\/www.noticiasmas.com.ar\/index.php\/wp-json\/wp\/v2\/comments?post=14173"}],"version-history":[{"count":1,"href":"https:\/\/www.noticiasmas.com.ar\/index.php\/wp-json\/wp\/v2\/posts\/14173\/revisions"}],"predecessor-version":[{"id":14175,"href":"https:\/\/www.noticiasmas.com.ar\/index.php\/wp-json\/wp\/v2\/posts\/14173\/revisions\/14175"}],"wp:featuredmedia":[{"embeddable":true,"href":"https:\/\/www.noticiasmas.com.ar\/index.php\/wp-json\/wp\/v2\/media\/14174"}],"wp:attachment":[{"href":"https:\/\/www.noticiasmas.com.ar\/index.php\/wp-json\/wp\/v2\/media?parent=14173"}],"wp:term":[{"taxonomy":"category","embeddable":true,"href":"https:\/\/www.noticiasmas.com.ar\/index.php\/wp-json\/wp\/v2\/categories?post=14173"},{"taxonomy":"post_tag","embeddable":true,"href":"https:\/\/www.noticiasmas.com.ar\/index.php\/wp-json\/wp\/v2\/tags?post=14173"}],"curies":[{"name":"wp","href":"https:\/\/api.w.org\/{rel}","templated":true}]}}