{"id":14176,"date":"2025-04-09T10:51:30","date_gmt":"2025-04-09T13:51:30","guid":{"rendered":"https:\/\/www.noticiasmas.com.ar\/?p=14176"},"modified":"2025-04-09T10:51:34","modified_gmt":"2025-04-09T13:51:34","slug":"conflicto-vicentin-aceiteros-se-reunio-con-el-juez-del-concurso-y-pide-compromiso-con-los-trabajadores-al-gobernador","status":"publish","type":"post","link":"https:\/\/www.noticiasmas.com.ar\/index.php\/2025\/04\/09\/conflicto-vicentin-aceiteros-se-reunio-con-el-juez-del-concurso-y-pide-compromiso-con-los-trabajadores-al-gobernador\/","title":{"rendered":"Conflicto Vicent\u00edn: Aceiteros se reuni\u00f3 con el juez del concurso y pide compromiso \u201ccon los trabajadores\u201d al gobernador"},"content":{"rendered":"\n<p>Con el fin de lograr que los trabajadores de Vicent\u00edn cobren, el sindicato aceitero sanlorencino tuvo una reuni\u00f3n con el juez del concurso con buenas perspectivas para destrabar el conflicto y, sobre todo, acelerar la causa judicial.<\/p>\n\n\n\n<p>El pasado martes se llev\u00f3 a cabo una reuni\u00f3n entre la Comisi\u00f3n Directiva del Sindicato de Obreros y Empleados Aceiteros del Departamento San Lorenzo con el Juez en lo Civil y Comercial N\u00b02 de la ciudad de Reconquista Dr. Fabian Lorenzini, quien lleva adelante el concurso de la empresa Vicent\u00edn, y el ministro de Trabajo de Santa Fe, Roal B\u00e1scolo.&nbsp;<\/p>\n\n\n\n<p>Desde el Sindicato sostuvieron que la cuesti\u00f3n financiera de la empresa es contundente: no hay recursos para afrontar la productividad de las terminales procesadoras de granos en el Cord\u00f3n Industrial y en el norte provincial.&nbsp;<\/p>\n\n\n\n<p>\u201cLos \u00fanicos y exclusivos responsables por la falta de pago de los salarios a los trabajadores son los directivos de la empresa Vicentin, y en nuestro caso fue la orden del Sr. Pedro Vicentin de &#8220;parar la planta&#8221;. Como es de p\u00fablico conocimiento, hab\u00eda semilla de empresas como la Uni\u00f3n Agr\u00edcola de Avellaneda, subproducto de Bunge y un barco esperando para completar la carga para exportaci\u00f3n de la UAA. Por tanto, la falta de pago de los salarios y el cierre transitorio de la empresa le pertenece \u00fanica y exclusivamente a la responsabilidad de los Sres. Directores de Vicentin SAIC\u201d, explicaron Aceiteros en un comunicado.<\/p>\n\n\n\n<p>La soluci\u00f3n al conflicto est\u00e1 en la Justicia, y desde el Sindicato pidieron mayor compromiso al gobernador de la provincia, Maximiliano Pullaro, quien desestim\u00f3 cualquier posibilidad de ayuda desde lo econ\u00f3mico para subsanar la empresa, pero s\u00ed afirm\u00f3 que \u201cestar\u00e1\u201d con los trabajadores.&nbsp;<\/p>\n\n\n\n<p>\u201cPropusimos que se realice una audiencia en el menor plazo posible donde converjan los fundamentales actores (empresa, sindicatura, veedores, trabajadores, Estado Provincial, etc.) a fin de que en el corto plazo los trabajadores puedan percibir los salarios adeudados. Es importante remarcar que hasta que no &#8220;aparezca la plata&#8221; la situaci\u00f3n se ir\u00e1 complejizando cada vez m\u00e1s. En el d\u00eda de ayer en declaraciones p\u00fablicas el Gobernador de la provincia, Maximiliano Pullaro, expres\u00f3 que el Estado estar\u00e1 presente en lo que los trabajadores necesiten y que se preocupar\u00e1 porque a los trabajadores no les falte nada\u201d, sostuvieron desde el SOEA.<\/p>\n","protected":false},"excerpt":{"rendered":"<p>Con el fin de lograr que los trabajadores de Vicent\u00edn cobren, el sindicato aceitero sanlorencino tuvo una reuni\u00f3n con el juez del concurso con buenas perspectivas para destrabar el conflicto y, sobre todo, acelerar la causa judicial. El pasado martes se llev\u00f3 a cabo una reuni\u00f3n entre la Comisi\u00f3n Directiva del Sindicato de Obreros y [&hellip;]<\/p>\n","protected":false},"author":9,"featured_media":14177,"comment_status":"closed","ping_status":"open","sticky":false,"template":"","format":"standard","meta":{"tdm_status":"","tdm_grid_status":"","footnotes":""},"categories":[13],"tags":[254,226,4274,18,54,1837],"class_list":{"0":"post-14176","1":"post","2":"type-post","3":"status-publish","4":"format-standard","5":"has-post-thumbnail","7":"category-region","8":"tag-aceiteros","9":"tag-gremiales","10":"tag-juez-lorenzini","11":"tag-santa-fe","12":"tag-soea","13":"tag-vicentin-2"},"_links":{"self":[{"href":"https:\/\/www.noticiasmas.com.ar\/index.php\/wp-json\/wp\/v2\/posts\/14176","targetHints":{"allow":["GET"]}}],"collection":[{"href":"https:\/\/www.noticiasmas.com.ar\/index.php\/wp-json\/wp\/v2\/posts"}],"about":[{"href":"https:\/\/www.noticiasmas.com.ar\/index.php\/wp-json\/wp\/v2\/types\/post"}],"author":[{"embeddable":true,"href":"https:\/\/www.noticiasmas.com.ar\/index.php\/wp-json\/wp\/v2\/users\/9"}],"replies":[{"embeddable":true,"href":"https:\/\/www.noticiasmas.com.ar\/index.php\/wp-json\/wp\/v2\/comments?post=14176"}],"version-history":[{"count":1,"href":"https:\/\/www.noticiasmas.com.ar\/index.php\/wp-json\/wp\/v2\/posts\/14176\/revisions"}],"predecessor-version":[{"id":14178,"href":"https:\/\/www.noticiasmas.com.ar\/index.php\/wp-json\/wp\/v2\/posts\/14176\/revisions\/14178"}],"wp:featuredmedia":[{"embeddable":true,"href":"https:\/\/www.noticiasmas.com.ar\/index.php\/wp-json\/wp\/v2\/media\/14177"}],"wp:attachment":[{"href":"https:\/\/www.noticiasmas.com.ar\/index.php\/wp-json\/wp\/v2\/media?parent=14176"}],"wp:term":[{"taxonomy":"category","embeddable":true,"href":"https:\/\/www.noticiasmas.com.ar\/index.php\/wp-json\/wp\/v2\/categories?post=14176"},{"taxonomy":"post_tag","embeddable":true,"href":"https:\/\/www.noticiasmas.com.ar\/index.php\/wp-json\/wp\/v2\/tags?post=14176"}],"curies":[{"name":"wp","href":"https:\/\/api.w.org\/{rel}","templated":true}]}}