{"id":14179,"date":"2025-04-09T11:12:33","date_gmt":"2025-04-09T14:12:33","guid":{"rendered":"https:\/\/www.noticiasmas.com.ar\/?p=14179"},"modified":"2025-04-09T11:12:37","modified_gmt":"2025-04-09T14:12:37","slug":"el-gobierno-provincial-planea-descontar-el-dia-de-paro-a-los-docentes-pese-al-derecho-a-huelga","status":"publish","type":"post","link":"https:\/\/www.noticiasmas.com.ar\/index.php\/2025\/04\/09\/el-gobierno-provincial-planea-descontar-el-dia-de-paro-a-los-docentes-pese-al-derecho-a-huelga\/","title":{"rendered":"El gobierno provincial planea descontar el d\u00eda de paro a los docentes pese al derecho a huelga"},"content":{"rendered":"\n<p>Los docentes del \u00e1mbito p\u00fablico y privado confirmaron su adhesi\u00f3n al paro general del jueves 10 de abril, convocado a nivel nacional por la Confederaci\u00f3n General del Trabajo (CGT) y con cientos de gremios y sindicatos que se suman a la medida.<\/p>\n\n\n\n<p>Pero el Gobierno de Santa Fe defini\u00f3 el descuento del d\u00eda de paro y la quita del bono por presentismo a quienes adhieran a la medida, tirando a\u00fan m\u00e1s de la fina l\u00ednea en el derecho constitucional a la huelga.<\/p>\n\n\n\n<p>El argumento estatal es que, al no haber paro de colectivos, ya que la Uni\u00f3n Tranviarios Automotor no adhiere en ninguna regi\u00f3n del pa\u00eds, la movilidad tanto para docentes, no docentes, personal administrativo y alumnos y padres estar\u00eda garantizada, por lo que las escuelas abriri\u00e1n con normalidad.<\/p>\n\n\n\n<p>Pero la medida tiene un alcance mucho m\u00e1s amplio que una decisi\u00f3n aislada de AMSAFE y Sadop, como ven\u00eda ocurriendo y como surge tambi\u00e9n esta herramienta del descuento por paro utilizada por el gobierno provincial, principalmente en el marco de las negociaciones paritarias.&nbsp;<\/p>\n\n\n\n<p>Cabe recordar el art\u00edculo 14 bis de la Constituci\u00f3n Nacional: \u201cQueda garantizado a los gremios: concertar convenios colectivos de trabajo, recurrir a la conciliaci\u00f3n y al arbitraje; el derecho de huelga\u201d.<\/p>\n\n\n\n<p>Hasta este mi\u00e9rcoles por la ma\u00f1ana, ning\u00fan funcionario provincial dio detalles al respecto sobre la implementaci\u00f3n y los motivos de esta decisi\u00f3n.<\/p>\n","protected":false},"excerpt":{"rendered":"<p>Los docentes del \u00e1mbito p\u00fablico y privado confirmaron su adhesi\u00f3n al paro general del jueves 10 de abril, convocado a nivel nacional por la Confederaci\u00f3n General del Trabajo (CGT) y con cientos de gremios y sindicatos que se suman a la medida. Pero el Gobierno de Santa Fe defini\u00f3 el descuento del d\u00eda de paro [&hellip;]<\/p>\n","protected":false},"author":9,"featured_media":14180,"comment_status":"closed","ping_status":"open","sticky":false,"template":"","format":"standard","meta":{"tdm_status":"","tdm_grid_status":"","footnotes":""},"categories":[14],"tags":[798,226,1202,36,18],"class_list":{"0":"post-14179","1":"post","2":"type-post","3":"status-publish","4":"format-standard","5":"has-post-thumbnail","7":"category-provinciales","8":"tag-docentes","9":"tag-gremiales","10":"tag-paro-general","11":"tag-pullaro","12":"tag-santa-fe"},"_links":{"self":[{"href":"https:\/\/www.noticiasmas.com.ar\/index.php\/wp-json\/wp\/v2\/posts\/14179","targetHints":{"allow":["GET"]}}],"collection":[{"href":"https:\/\/www.noticiasmas.com.ar\/index.php\/wp-json\/wp\/v2\/posts"}],"about":[{"href":"https:\/\/www.noticiasmas.com.ar\/index.php\/wp-json\/wp\/v2\/types\/post"}],"author":[{"embeddable":true,"href":"https:\/\/www.noticiasmas.com.ar\/index.php\/wp-json\/wp\/v2\/users\/9"}],"replies":[{"embeddable":true,"href":"https:\/\/www.noticiasmas.com.ar\/index.php\/wp-json\/wp\/v2\/comments?post=14179"}],"version-history":[{"count":1,"href":"https:\/\/www.noticiasmas.com.ar\/index.php\/wp-json\/wp\/v2\/posts\/14179\/revisions"}],"predecessor-version":[{"id":14181,"href":"https:\/\/www.noticiasmas.com.ar\/index.php\/wp-json\/wp\/v2\/posts\/14179\/revisions\/14181"}],"wp:featuredmedia":[{"embeddable":true,"href":"https:\/\/www.noticiasmas.com.ar\/index.php\/wp-json\/wp\/v2\/media\/14180"}],"wp:attachment":[{"href":"https:\/\/www.noticiasmas.com.ar\/index.php\/wp-json\/wp\/v2\/media?parent=14179"}],"wp:term":[{"taxonomy":"category","embeddable":true,"href":"https:\/\/www.noticiasmas.com.ar\/index.php\/wp-json\/wp\/v2\/categories?post=14179"},{"taxonomy":"post_tag","embeddable":true,"href":"https:\/\/www.noticiasmas.com.ar\/index.php\/wp-json\/wp\/v2\/tags?post=14179"}],"curies":[{"name":"wp","href":"https:\/\/api.w.org\/{rel}","templated":true}]}}