{"id":14190,"date":"2025-04-10T08:10:32","date_gmt":"2025-04-10T11:10:32","guid":{"rendered":"https:\/\/www.noticiasmas.com.ar\/?p=14190"},"modified":"2025-04-10T08:10:35","modified_gmt":"2025-04-10T11:10:35","slug":"aceiteros-tendran-un-28-de-aumento-y-el-basico-se-ubicara-en-1-770-000","status":"publish","type":"post","link":"https:\/\/www.noticiasmas.com.ar\/index.php\/2025\/04\/10\/aceiteros-tendran-un-28-de-aumento-y-el-basico-se-ubicara-en-1-770-000\/","title":{"rendered":"Aceiteros tendr\u00e1n un 28% de aumento y el b\u00e1sico se ubicar\u00e1 en $1.770.000"},"content":{"rendered":"\n<p>Este jueves qued\u00f3 formalizado el aumento paritario de los trabajadores aceiteros de toda la Rep\u00fablica Argentina, el cual representa un incremento del 28%, acredit\u00e1ndose el primer 13% de recomposici\u00f3n en el mes de abril y posteriormente un 15% en julio.&nbsp;&nbsp;<\/p>\n\n\n\n<p>La Federaci\u00f3n de Trabajadores del Complejo Industrial Oleaginoso, Desmotadores de Algod\u00f3n y Afines de la Rep\u00fablica Argentina (FTCIODyARA) de manera conjunta con el Sindicato de Obreros y Empleados Aceiteros de San Lorenzo (SOEA) alcanzaron un acuerdo con los representantes de las c\u00e1maras CIARA, CIAVEC y CARBIO este mi\u00e9rcoles por la noche en la Bolsa de Comercio de Rosario, en v\u00edsperas del paro general de la CGT en todo el pa\u00eds al cual ambas entidades gremiales adhirieron.\u00a0<\/p>\n\n\n\n<p>De este modo, el nuevo acuerdo lleva el salario b\u00e1sico inicial a $1.770.174 a partir del 1\u00b0 de abril, en tanto que a partir de julio de este a\u00f1o se ubicar\u00e1 en torno a los $1.875.186.<\/p>\n\n\n\n<p>El comunicado oficial de la Federaci\u00f3n Aceitera se\u00f1ala que \u201cEl reclamo de nuestras organizaciones se fundament\u00f3 en el derecho a un Salario M\u00ednimo, Vital y M\u00f3vil seg\u00fan su definici\u00f3n en el Art\u00edculo 14 bis de la Constituci\u00f3n Nacional y Art\u00edculo 116 de la Ley de Contrato de Trabajo, esto es, que asegure a los trabajadores en su jornada legal de trabajo la satisfacci\u00f3n de las 9 necesidades all\u00ed contempladas: alimentaci\u00f3n adecuada, vivienda digna, educaci\u00f3n, vestuario, asistencia sanitaria, transporte, esparcimiento, vacaciones y previsi\u00f3n\u201d.<\/p>\n\n\n\n<p>Adem\u00e1s, agregaron que como pago retroactivo se estableci\u00f3 una suma de $500.000 para la categor\u00eda inicial, que se incrementa hasta $648.918 en la categor\u00eda m\u00e1xima.<\/p>\n","protected":false},"excerpt":{"rendered":"<p>Este jueves qued\u00f3 formalizado el aumento paritario de los trabajadores aceiteros de toda la Rep\u00fablica Argentina, el cual representa un incremento del 28%, acredit\u00e1ndose el primer 13% de recomposici\u00f3n en el mes de abril y posteriormente un 15% en julio.&nbsp;&nbsp; La Federaci\u00f3n de Trabajadores del Complejo Industrial Oleaginoso, Desmotadores de Algod\u00f3n y Afines de la [&hellip;]<\/p>\n","protected":false},"author":9,"featured_media":14191,"comment_status":"closed","ping_status":"open","sticky":false,"template":"","format":"standard","meta":{"tdm_status":"","tdm_grid_status":"","footnotes":""},"categories":[13],"tags":[254,4106,4276,1365,54],"class_list":{"0":"post-14190","1":"post","2":"type-post","3":"status-publish","4":"format-standard","5":"has-post-thumbnail","7":"category-region","8":"tag-aceiteros","9":"tag-aumento-salarial","10":"tag-incremento","11":"tag-paritaria","12":"tag-soea"},"_links":{"self":[{"href":"https:\/\/www.noticiasmas.com.ar\/index.php\/wp-json\/wp\/v2\/posts\/14190","targetHints":{"allow":["GET"]}}],"collection":[{"href":"https:\/\/www.noticiasmas.com.ar\/index.php\/wp-json\/wp\/v2\/posts"}],"about":[{"href":"https:\/\/www.noticiasmas.com.ar\/index.php\/wp-json\/wp\/v2\/types\/post"}],"author":[{"embeddable":true,"href":"https:\/\/www.noticiasmas.com.ar\/index.php\/wp-json\/wp\/v2\/users\/9"}],"replies":[{"embeddable":true,"href":"https:\/\/www.noticiasmas.com.ar\/index.php\/wp-json\/wp\/v2\/comments?post=14190"}],"version-history":[{"count":1,"href":"https:\/\/www.noticiasmas.com.ar\/index.php\/wp-json\/wp\/v2\/posts\/14190\/revisions"}],"predecessor-version":[{"id":14192,"href":"https:\/\/www.noticiasmas.com.ar\/index.php\/wp-json\/wp\/v2\/posts\/14190\/revisions\/14192"}],"wp:featuredmedia":[{"embeddable":true,"href":"https:\/\/www.noticiasmas.com.ar\/index.php\/wp-json\/wp\/v2\/media\/14191"}],"wp:attachment":[{"href":"https:\/\/www.noticiasmas.com.ar\/index.php\/wp-json\/wp\/v2\/media?parent=14190"}],"wp:term":[{"taxonomy":"category","embeddable":true,"href":"https:\/\/www.noticiasmas.com.ar\/index.php\/wp-json\/wp\/v2\/categories?post=14190"},{"taxonomy":"post_tag","embeddable":true,"href":"https:\/\/www.noticiasmas.com.ar\/index.php\/wp-json\/wp\/v2\/tags?post=14190"}],"curies":[{"name":"wp","href":"https:\/\/api.w.org\/{rel}","templated":true}]}}