{"id":14332,"date":"2025-04-16T11:42:13","date_gmt":"2025-04-16T14:42:13","guid":{"rendered":"https:\/\/www.noticiasmas.com.ar\/?p=14332"},"modified":"2025-04-16T11:42:16","modified_gmt":"2025-04-16T14:42:16","slug":"aceiteros-senalaron-que-la-solucion-para-vicentin-esta-en-que-pongan-semillas","status":"publish","type":"post","link":"https:\/\/www.noticiasmas.com.ar\/index.php\/2025\/04\/16\/aceiteros-senalaron-que-la-solucion-para-vicentin-esta-en-que-pongan-semillas\/","title":{"rendered":"Aceiteros se\u00f1alaron que la soluci\u00f3n para Vicent\u00edn est\u00e1 en que \u201cpongan semillas\u201d"},"content":{"rendered":"\n<p>En una asamblea realizada este mi\u00e9rcoles frente a las instalaciones de la empresa Vicentin sobre la Ruta Nacional A012, en el l\u00edmite entre San Lorenzo y Ricardone, desde el Sindicato de Obreros y Empleados Aceiteros se\u00f1alaron que la producci\u00f3n solo podr\u00eda reanudarse en el caso de que ingresen semillas a ambas plantas.&nbsp;<\/p>\n\n\n\n<p>Suenan l\u00f3gicas las palabras emitidas por el secretario general del sindicato m\u00e1s importante del cord\u00f3n industrial, pero reflejan el problema que mantiene en vilo a los empleados, que adeudan parte de sus salarios del mes de marzo y desde comienzos de este mes no pueden cumplir nuevas tareas dentro de las plantas de Reconquista y las dos de San Lorenzo y Ricardone.&nbsp;<\/p>\n\n\n\n<p>Ayer, el sindicato rechaz\u00f3 una propuesta de cobro de solo el 50% de los haberes del tercer mes del a\u00f1o y en dos cuotas (solo sobre un sueldo base aceitero de 1.500.000 pesos, ser\u00edan dos pagos de 375.000 pesos), a la vez que se retomar\u00eda la producci\u00f3n con nuevos contratos de fasones.<\/p>\n\n\n\n<p>Desde el sindicato calificaron como \u201cinviable\u201d la propuesta y no destacan nuevas medidas de fuerza de car\u00e1cter nacional.&nbsp;<\/p>\n\n\n\n<p>\u201cPor m\u00e1s que vayamos a cortar la autopista a hacer un paro, si alguien no pone la guita, no pone semillas, no hay soluci\u00f3n. Es la verdad, lo que piensa el sindicato. Despu\u00e9s veremos qu\u00e9 es lo que hacemos, entre todos\u201d, afirm\u00f3 Succi a los trabajadores este mi\u00e9rcoles por la ma\u00f1ana.<\/p>\n\n\n\n<p>El SOEA entiende que a la f\u00e1brica la pararon, \u201cque hicieron locokut patronal\u201d, y que se excusaron en una hipot\u00e9tica medida gremial que iba a ser impulsada ante el cobro adeudado de los salarios de marzo.&nbsp;<\/p>\n\n\n\n<p>Mientras tanto, desde Vicentin no hay indicios de una propuesta concreta de trabajo, y la situaci\u00f3n parece agravarse d\u00eda a dia, tirando cada vez m\u00e1s de la soga de una regi\u00f3n que se encuentra en pleno proceso de exportaci\u00f3n de la cosecha gruesa.<\/p>\n","protected":false},"excerpt":{"rendered":"<p>En una asamblea realizada este mi\u00e9rcoles frente a las instalaciones de la empresa Vicentin sobre la Ruta Nacional A012, en el l\u00edmite entre San Lorenzo y Ricardone, desde el Sindicato de Obreros y Empleados Aceiteros se\u00f1alaron que la producci\u00f3n solo podr\u00eda reanudarse en el caso de que ingresen semillas a ambas plantas.&nbsp; Suenan l\u00f3gicas las [&hellip;]<\/p>\n","protected":false},"author":9,"featured_media":14333,"comment_status":"closed","ping_status":"open","sticky":false,"template":"","format":"standard","meta":{"tdm_status":"","tdm_grid_status":"","footnotes":""},"categories":[13],"tags":[691,58,54,1837],"class_list":{"0":"post-14332","1":"post","2":"type-post","3":"status-publish","4":"format-standard","5":"has-post-thumbnail","7":"category-region","8":"tag-paro","9":"tag-san-lorenzo","10":"tag-soea","11":"tag-vicentin-2"},"_links":{"self":[{"href":"https:\/\/www.noticiasmas.com.ar\/index.php\/wp-json\/wp\/v2\/posts\/14332","targetHints":{"allow":["GET"]}}],"collection":[{"href":"https:\/\/www.noticiasmas.com.ar\/index.php\/wp-json\/wp\/v2\/posts"}],"about":[{"href":"https:\/\/www.noticiasmas.com.ar\/index.php\/wp-json\/wp\/v2\/types\/post"}],"author":[{"embeddable":true,"href":"https:\/\/www.noticiasmas.com.ar\/index.php\/wp-json\/wp\/v2\/users\/9"}],"replies":[{"embeddable":true,"href":"https:\/\/www.noticiasmas.com.ar\/index.php\/wp-json\/wp\/v2\/comments?post=14332"}],"version-history":[{"count":1,"href":"https:\/\/www.noticiasmas.com.ar\/index.php\/wp-json\/wp\/v2\/posts\/14332\/revisions"}],"predecessor-version":[{"id":14334,"href":"https:\/\/www.noticiasmas.com.ar\/index.php\/wp-json\/wp\/v2\/posts\/14332\/revisions\/14334"}],"wp:featuredmedia":[{"embeddable":true,"href":"https:\/\/www.noticiasmas.com.ar\/index.php\/wp-json\/wp\/v2\/media\/14333"}],"wp:attachment":[{"href":"https:\/\/www.noticiasmas.com.ar\/index.php\/wp-json\/wp\/v2\/media?parent=14332"}],"wp:term":[{"taxonomy":"category","embeddable":true,"href":"https:\/\/www.noticiasmas.com.ar\/index.php\/wp-json\/wp\/v2\/categories?post=14332"},{"taxonomy":"post_tag","embeddable":true,"href":"https:\/\/www.noticiasmas.com.ar\/index.php\/wp-json\/wp\/v2\/tags?post=14332"}],"curies":[{"name":"wp","href":"https:\/\/api.w.org\/{rel}","templated":true}]}}