{"id":14345,"date":"2025-04-16T18:03:19","date_gmt":"2025-04-16T21:03:19","guid":{"rendered":"https:\/\/www.noticiasmas.com.ar\/?p=14345"},"modified":"2025-04-16T18:03:23","modified_gmt":"2025-04-16T21:03:23","slug":"docentes-de-la-unr-votan-hasta-el-lunes-por-un-paro-de-48-horas-en-coordinacion-nacional","status":"publish","type":"post","link":"https:\/\/www.noticiasmas.com.ar\/index.php\/2025\/04\/16\/docentes-de-la-unr-votan-hasta-el-lunes-por-un-paro-de-48-horas-en-coordinacion-nacional\/","title":{"rendered":"DOCENTES DE LA UNR VOTAN HASTA EL LUNES POR UN PARO DE 48 HORAS EN COORDINACI\u00d3N NACIONAL"},"content":{"rendered":"\n<p>Los docentes de la UNR nucleados en la Asociaci\u00f3n Gremial de Docentes e Investigadores de la UNR (COAD) resolvieron este martes 15 de abril en asamblea una medida de fuerza de 48 horas en coordinaci\u00f3n nacional para los d\u00edas martes 22 y mi\u00e9rcoles 23 de abril. En ese marco se impuls\u00f3 una votaci\u00f3n docente para definir la modalidad de lucha. La votaci\u00f3n se extender\u00e1 hasta el lunes 21 a las 10h.<\/p>\n\n\n\n<p>En dicha asamblea se abordaron los siguientes temas: Situaci\u00f3n y continuidad del plan de lucha; cargos temporarios y estabilidad laboral en la UNR.<\/p>\n\n\n\n<p>El secretario general, Federico Gayoso, abord\u00f3 dicha asamblea brindando un panorama sobre: la grave situaci\u00f3n con la paralizaci\u00f3n total de la paritaria nacional por parte del gobierno; la ausencia de novedades sobre la situaci\u00f3n presupuestaria, congelada desde 2023; y la m\u00e1s segura fijaci\u00f3n por decreto de una recomposici\u00f3n salarial insuficiente ante una inflaci\u00f3n que vuelve a tomar fuerza.<\/p>\n\n\n\n<p>\u201cTodo ello en el marco de una nueva devaluaci\u00f3n y endeudamiento de la mano del FMI que quieren seguir pagando con el ajuste a quienes vivimos de nuestro salario\u201d, dijo<\/p>\n\n\n\n<p>Gayoso tambi\u00e9n inform\u00f3 sobre las resoluciones del plenario de secretarios\/as generales de la Federaci\u00f3n CONADU de la fecha, entre las cuales se encuentra una nueva marcha federal para la segunda quincena de mayo.<\/p>\n","protected":false},"excerpt":{"rendered":"<p>Los docentes de la UNR nucleados en la Asociaci\u00f3n Gremial de Docentes e Investigadores de la UNR (COAD) resolvieron este martes 15 de abril en asamblea una medida de fuerza de 48 horas en coordinaci\u00f3n nacional para los d\u00edas martes 22 y mi\u00e9rcoles 23 de abril. En ese marco se impuls\u00f3 una votaci\u00f3n docente para [&hellip;]<\/p>\n","protected":false},"author":5,"featured_media":14346,"comment_status":"closed","ping_status":"open","sticky":false,"template":"","format":"standard","meta":{"tdm_status":"","tdm_grid_status":"","footnotes":""},"categories":[13],"tags":[4319,2072,228,347,163,546],"class_list":{"0":"post-14345","1":"post","2":"type-post","3":"status-publish","4":"format-standard","5":"has-post-thumbnail","7":"category-region","8":"tag-22-y-23-04","9":"tag-coad","10":"tag-medida-de-fuerza","11":"tag-region","12":"tag-rosario","13":"tag-unr"},"_links":{"self":[{"href":"https:\/\/www.noticiasmas.com.ar\/index.php\/wp-json\/wp\/v2\/posts\/14345","targetHints":{"allow":["GET"]}}],"collection":[{"href":"https:\/\/www.noticiasmas.com.ar\/index.php\/wp-json\/wp\/v2\/posts"}],"about":[{"href":"https:\/\/www.noticiasmas.com.ar\/index.php\/wp-json\/wp\/v2\/types\/post"}],"author":[{"embeddable":true,"href":"https:\/\/www.noticiasmas.com.ar\/index.php\/wp-json\/wp\/v2\/users\/5"}],"replies":[{"embeddable":true,"href":"https:\/\/www.noticiasmas.com.ar\/index.php\/wp-json\/wp\/v2\/comments?post=14345"}],"version-history":[{"count":1,"href":"https:\/\/www.noticiasmas.com.ar\/index.php\/wp-json\/wp\/v2\/posts\/14345\/revisions"}],"predecessor-version":[{"id":14347,"href":"https:\/\/www.noticiasmas.com.ar\/index.php\/wp-json\/wp\/v2\/posts\/14345\/revisions\/14347"}],"wp:featuredmedia":[{"embeddable":true,"href":"https:\/\/www.noticiasmas.com.ar\/index.php\/wp-json\/wp\/v2\/media\/14346"}],"wp:attachment":[{"href":"https:\/\/www.noticiasmas.com.ar\/index.php\/wp-json\/wp\/v2\/media?parent=14345"}],"wp:term":[{"taxonomy":"category","embeddable":true,"href":"https:\/\/www.noticiasmas.com.ar\/index.php\/wp-json\/wp\/v2\/categories?post=14345"},{"taxonomy":"post_tag","embeddable":true,"href":"https:\/\/www.noticiasmas.com.ar\/index.php\/wp-json\/wp\/v2\/tags?post=14345"}],"curies":[{"name":"wp","href":"https:\/\/api.w.org\/{rel}","templated":true}]}}